{"id":9856,"date":"2019-02-19T19:18:52","date_gmt":"2019-02-19T18:18:52","guid":{"rendered":"https:\/\/meriller-vapeur.fr\/wp3\/?p=9856"},"modified":"2019-02-19T19:18:52","modified_gmt":"2019-02-19T18:18:52","slug":"photos-aux-alentours-de-la-gare-de-perigueux","status":"publish","type":"post","link":"https:\/\/meriller-vapeur.fr\/wp3\/?p=9856","title":{"rendered":"Photos aux alentours de la Gare de P\u00e9rigueux\u00a0!"},"content":{"rendered":"<div id=\"attachment_9847\" style=\"width: 245px\" class=\"wp-caption alignleft\"><img loading=\"lazy\" decoding=\"async\" aria-describedby=\"caption-attachment-9847\" class=\"wp-image-9847 size-medium\" src=\"https:\/\/meriller-vapeur.fr\/wp3\/wp-content\/uploads\/2019\/02\/DSC01111-16.02.2019-Perigueux-TER-866423-PX-Brive-X-73764-2-235x300.jpg\" alt=\"\" width=\"235\" height=\"300\" srcset=\"https:\/\/meriller-vapeur.fr\/wp3\/wp-content\/uploads\/2019\/02\/DSC01111-16.02.2019-Perigueux-TER-866423-PX-Brive-X-73764-2-235x300.jpg 235w, https:\/\/meriller-vapeur.fr\/wp3\/wp-content\/uploads\/2019\/02\/DSC01111-16.02.2019-Perigueux-TER-866423-PX-Brive-X-73764-2-768x979.jpg 768w, https:\/\/meriller-vapeur.fr\/wp3\/wp-content\/uploads\/2019\/02\/DSC01111-16.02.2019-Perigueux-TER-866423-PX-Brive-X-73764-2-803x1024.jpg 803w, https:\/\/meriller-vapeur.fr\/wp3\/wp-content\/uploads\/2019\/02\/DSC01111-16.02.2019-Perigueux-TER-866423-PX-Brive-X-73764-2.jpg 1600w\" sizes=\"auto, (max-width: 235px) 100vw, 235px\" \/><p id=\"caption-attachment-9847\" class=\"wp-caption-text\">16.02.2019 &#8211; Perigueux TER 866423 PX-Brive X 73764 (2)<\/p><\/div>\n<p>Jean PORCHER nous adresse ses derniers clich\u00e9s, r\u00e9alis\u00e9s au fil des jours autour de la Gare de P\u00e9rigueux. Il pr\u00e9cise en particulier :<em> \u00ab\u00a0c\u2019est la premi\u00e8re fois que je fais une photo ferroviaire avec un arc-en-ciel !\u00a0\u00bb<\/em><\/p>\n<p>C\u2019est \u00e0 admirer<a href=\"https:\/\/meriller-vapeur.fr\/wp3\/?page_id=9841\"> &gt;&gt;&gt;&gt;&gt;&gt;&gt;&gt;&gt;&gt;&gt;&gt;&gt;&gt;&gt;ICI.<\/a><\/p>\n<div class=\"pvc_clear\"><\/div>\n<p id=\"pvc_stats_9856\" class=\"pvc_stats all  \" data-element-id=\"9856\" style=\"\"><i class=\"pvc-stats-icon medium\" aria-hidden=\"true\"><svg aria-hidden=\"true\" focusable=\"false\" data-prefix=\"far\" data-icon=\"chart-bar\" role=\"img\" xmlns=\"http:\/\/www.w3.org\/2000\/svg\" viewBox=\"0 0 512 512\" class=\"svg-inline--fa fa-chart-bar fa-w-16 fa-2x\"><path fill=\"currentColor\" d=\"M396.8 352h22.4c6.4 0 12.8-6.4 12.8-12.8V108.8c0-6.4-6.4-12.8-12.8-12.8h-22.4c-6.4 0-12.8 6.4-12.8 12.8v230.4c0 6.4 6.4 12.8 12.8 12.8zm-192 0h22.4c6.4 0 12.8-6.4 12.8-12.8V140.8c0-6.4-6.4-12.8-12.8-12.8h-22.4c-6.4 0-12.8 6.4-12.8 12.8v198.4c0 6.4 6.4 12.8 12.8 12.8zm96 0h22.4c6.4 0 12.8-6.4 12.8-12.8V204.8c0-6.4-6.4-12.8-12.8-12.8h-22.4c-6.4 0-12.8 6.4-12.8 12.8v134.4c0 6.4 6.4 12.8 12.8 12.8zM496 400H48V80c0-8.84-7.16-16-16-16H16C7.16 64 0 71.16 0 80v336c0 17.67 14.33 32 32 32h464c8.84 0 16-7.16 16-16v-16c0-8.84-7.16-16-16-16zm-387.2-48h22.4c6.4 0 12.8-6.4 12.8-12.8v-70.4c0-6.4-6.4-12.8-12.8-12.8h-22.4c-6.4 0-12.8 6.4-12.8 12.8v70.4c0 6.4 6.4 12.8 12.8 12.8z\" class=\"\"><\/path><\/svg><\/i> <img loading=\"lazy\" decoding=\"async\" width=\"16\" height=\"16\" alt=\"Loading\" src=\"https:\/\/meriller-vapeur.fr\/wp3\/wp-content\/plugins\/page-views-count\/ajax-loader-2x.gif\" border=0 \/><\/p>\n<div class=\"pvc_clear\"><\/div>\n","protected":false},"excerpt":{"rendered":"<p>Jean PORCHER nous adresse ses derniers clich\u00e9s, r\u00e9alis\u00e9s au fil des jours autour de la Gare de P\u00e9rigueux. Il pr\u00e9cise en particulier : \u00ab\u00a0c\u2019est la premi\u00e8re fois que je fais une photo ferroviaire avec un arc-en-ciel !\u00a0\u00bb C\u2019est \u00e0 admirer &gt;&gt;&gt;&gt;&gt;&gt;&gt;&gt;&gt;&gt;&gt;&gt;&gt;&gt;&gt;ICI.<\/p>\n<div class=\"pvc_clear\"><\/div>\n<p id=\"pvc_stats_9856\" class=\"pvc_stats all  \" data-element-id=\"9856\" style=\"\"><i class=\"pvc-stats-icon medium\" aria-hidden=\"true\"><svg aria-hidden=\"true\" focusable=\"false\" data-prefix=\"far\" data-icon=\"chart-bar\" role=\"img\" xmlns=\"http:\/\/www.w3.org\/2000\/svg\" viewBox=\"0 0 512 512\" class=\"svg-inline--fa fa-chart-bar fa-w-16 fa-2x\"><path fill=\"currentColor\" d=\"M396.8 352h22.4c6.4 0 12.8-6.4 12.8-12.8V108.8c0-6.4-6.4-12.8-12.8-12.8h-22.4c-6.4 0-12.8 6.4-12.8 12.8v230.4c0 6.4 6.4 12.8 12.8 12.8zm-192 0h22.4c6.4 0 12.8-6.4 12.8-12.8V140.8c0-6.4-6.4-12.8-12.8-12.8h-22.4c-6.4 0-12.8 6.4-12.8 12.8v198.4c0 6.4 6.4 12.8 12.8 12.8zm96 0h22.4c6.4 0 12.8-6.4 12.8-12.8V204.8c0-6.4-6.4-12.8-12.8-12.8h-22.4c-6.4 0-12.8 6.4-12.8 12.8v134.4c0 6.4 6.4 12.8 12.8 12.8zM496 400H48V80c0-8.84-7.16-16-16-16H16C7.16 64 0 71.16 0 80v336c0 17.67 14.33 32 32 32h464c8.84 0 16-7.16 16-16v-16c0-8.84-7.16-16-16-16zm-387.2-48h22.4c6.4 0 12.8-6.4 12.8-12.8v-70.4c0-6.4-6.4-12.8-12.8-12.8h-22.4c-6.4 0-12.8 6.4-12.8 12.8v70.4c0 6.4 6.4 12.8 12.8 12.8z\" class=\"\"><\/path><\/svg><\/i> <img loading=\"lazy\" decoding=\"async\" width=\"16\" height=\"16\" alt=\"Loading\" src=\"https:\/\/meriller-vapeur.fr\/wp3\/wp-content\/plugins\/page-views-count\/ajax-loader-2x.gif\" border=0 \/><\/p>\n<div class=\"pvc_clear\"><\/div>\n","protected":false},"author":1,"featured_media":0,"comment_status":"open","ping_status":"open","sticky":false,"template":"","format":"image","meta":{"footnotes":""},"categories":[6,5,10],"tags":[],"class_list":["post-9856","post","type-post","status-publish","format-image","hentry","category-doc-ferroviaire","category-photo-du-mois","category-vie-du-club","post_format-post-format-image"],"a3_pvc":{"activated":true,"total_views":67,"today_views":0},"_links":{"self":[{"href":"https:\/\/meriller-vapeur.fr\/wp3\/index.php?rest_route=\/wp\/v2\/posts\/9856","targetHints":{"allow":["GET"]}}],"collection":[{"href":"https:\/\/meriller-vapeur.fr\/wp3\/index.php?rest_route=\/wp\/v2\/posts"}],"about":[{"href":"https:\/\/meriller-vapeur.fr\/wp3\/index.php?rest_route=\/wp\/v2\/types\/post"}],"author":[{"embeddable":true,"href":"https:\/\/meriller-vapeur.fr\/wp3\/index.php?rest_route=\/wp\/v2\/users\/1"}],"replies":[{"embeddable":true,"href":"https:\/\/meriller-vapeur.fr\/wp3\/index.php?rest_route=%2Fwp%2Fv2%2Fcomments&post=9856"}],"version-history":[{"count":0,"href":"https:\/\/meriller-vapeur.fr\/wp3\/index.php?rest_route=\/wp\/v2\/posts\/9856\/revisions"}],"wp:attachment":[{"href":"https:\/\/meriller-vapeur.fr\/wp3\/index.php?rest_route=%2Fwp%2Fv2%2Fmedia&parent=9856"}],"wp:term":[{"taxonomy":"category","embeddable":true,"href":"https:\/\/meriller-vapeur.fr\/wp3\/index.php?rest_route=%2Fwp%2Fv2%2Fcategories&post=9856"},{"taxonomy":"post_tag","embeddable":true,"href":"https:\/\/meriller-vapeur.fr\/wp3\/index.php?rest_route=%2Fwp%2Fv2%2Ftags&post=9856"}],"curies":[{"name":"wp","href":"https:\/\/api.w.org\/{rel}","templated":true}]}}