{"id":8327,"date":"2018-03-26T11:54:57","date_gmt":"2018-03-26T09:54:57","guid":{"rendered":"https:\/\/meriller-vapeur.fr\/wp3\/?p=8327"},"modified":"2018-04-02T14:44:06","modified_gmt":"2018-04-02T12:44:06","slug":"anciennes-compagnies-de-chemin-de-fer-vestiges-du-chemin-de-fer-de-lest-de-lyon","status":"publish","type":"post","link":"https:\/\/meriller-vapeur.fr\/wp3\/?p=8327","title":{"rendered":"Anciennes Compagnies de Chemin de Fer : vestiges du Chemin de Fer de l\u2019Est de Lyon."},"content":{"rendered":"<div id=\"attachment_8319\" style=\"width: 223px\" class=\"wp-caption alignleft\"><img loading=\"lazy\" decoding=\"async\" aria-describedby=\"caption-attachment-8319\" class=\"size-medium wp-image-8319\" src=\"https:\/\/meriller-vapeur.fr\/wp3\/wp-content\/uploads\/2018\/03\/Est-1-213x300.jpg\" alt=\"\" width=\"213\" height=\"300\" \/><p id=\"caption-attachment-8319\" class=\"wp-caption-text\">Chemin de Fer de l\u2019Est de Lyon-1<\/p><\/div>\n<p>&nbsp;<\/p>\n<p>Pierre PERRIER \u00a0partage avec nous un petit <em>\u00ab\u00a0tr\u00e9sor d\u2019archives\u00a0\u00bb<\/em>, des tirages Noir et Blanc de clich\u00e9s faits par lui d\u00e9but des ann\u00e9es 80. Il s\u2019agit de la voie ferr\u00e9e du\u00a0Chemin de Fer de l\u2019Est de Lyon, desserte industrielle en tissus urbain, aujourd\u2019hui abandonn\u00e9e\u2026<\/p>\n<p>Voici ce qu\u2019il nous en raconte, <a href=\"https:\/\/meriller-vapeur.fr\/wp3\/?page_id=8317\">&gt;&gt;&gt;&gt;&gt;&gt;&gt;&gt;&gt;&gt;&gt;&gt;ICI.<\/a><\/p>\n<p><strong>Derni\u00e8re minute, <\/strong><em>mise \u00e0 jour du\u00a002-04-2018 :<br \/>\nVoici la\u00a0locomotive 130 tender des FS (chemins de fer italiens \u2013 Ferrovie dello Stato) qui fut remplac\u00e9e par les locotracteurs dont parle la premi\u00e8re partie de cet article.<\/em><\/p>\n<div class=\"pvc_clear\"><\/div>\n<p id=\"pvc_stats_8327\" class=\"pvc_stats all  \" data-element-id=\"8327\" style=\"\"><i class=\"pvc-stats-icon medium\" aria-hidden=\"true\"><svg aria-hidden=\"true\" focusable=\"false\" data-prefix=\"far\" data-icon=\"chart-bar\" role=\"img\" xmlns=\"http:\/\/www.w3.org\/2000\/svg\" viewBox=\"0 0 512 512\" class=\"svg-inline--fa fa-chart-bar fa-w-16 fa-2x\"><path fill=\"currentColor\" d=\"M396.8 352h22.4c6.4 0 12.8-6.4 12.8-12.8V108.8c0-6.4-6.4-12.8-12.8-12.8h-22.4c-6.4 0-12.8 6.4-12.8 12.8v230.4c0 6.4 6.4 12.8 12.8 12.8zm-192 0h22.4c6.4 0 12.8-6.4 12.8-12.8V140.8c0-6.4-6.4-12.8-12.8-12.8h-22.4c-6.4 0-12.8 6.4-12.8 12.8v198.4c0 6.4 6.4 12.8 12.8 12.8zm96 0h22.4c6.4 0 12.8-6.4 12.8-12.8V204.8c0-6.4-6.4-12.8-12.8-12.8h-22.4c-6.4 0-12.8 6.4-12.8 12.8v134.4c0 6.4 6.4 12.8 12.8 12.8zM496 400H48V80c0-8.84-7.16-16-16-16H16C7.16 64 0 71.16 0 80v336c0 17.67 14.33 32 32 32h464c8.84 0 16-7.16 16-16v-16c0-8.84-7.16-16-16-16zm-387.2-48h22.4c6.4 0 12.8-6.4 12.8-12.8v-70.4c0-6.4-6.4-12.8-12.8-12.8h-22.4c-6.4 0-12.8 6.4-12.8 12.8v70.4c0 6.4 6.4 12.8 12.8 12.8z\" class=\"\"><\/path><\/svg><\/i> <img loading=\"lazy\" decoding=\"async\" width=\"16\" height=\"16\" alt=\"Loading\" src=\"https:\/\/meriller-vapeur.fr\/wp3\/wp-content\/plugins\/page-views-count\/ajax-loader-2x.gif\" border=0 \/><\/p>\n<div class=\"pvc_clear\"><\/div>\n","protected":false},"excerpt":{"rendered":"<p>&nbsp; Pierre PERRIER \u00a0partage avec nous un petit \u00ab\u00a0tr\u00e9sor d\u2019archives\u00a0\u00bb, des tirages Noir et Blanc de clich\u00e9s faits par lui d\u00e9but des ann\u00e9es 80. Il s\u2019agit de la voie ferr\u00e9e du\u00a0Chemin de Fer de l\u2019Est de Lyon, desserte industrielle en tissus urbain, aujourd\u2019hui abandonn\u00e9e\u2026 Voici ce qu\u2019il nous en raconte, &gt;&gt;&gt;&gt;&gt;&gt;&gt;&gt;&gt;&gt;&gt;&gt;ICI. Derni\u00e8re minute, mise \u00e0\u2026 <span class=\"read-more\"><a href=\"https:\/\/meriller-vapeur.fr\/wp3\/?p=8327\">Read More &raquo;<\/a><\/span><\/p>\n<div class=\"pvc_clear\"><\/div>\n<p id=\"pvc_stats_8327\" class=\"pvc_stats all  \" data-element-id=\"8327\" style=\"\"><i class=\"pvc-stats-icon medium\" aria-hidden=\"true\"><svg aria-hidden=\"true\" focusable=\"false\" data-prefix=\"far\" data-icon=\"chart-bar\" role=\"img\" xmlns=\"http:\/\/www.w3.org\/2000\/svg\" viewBox=\"0 0 512 512\" class=\"svg-inline--fa fa-chart-bar fa-w-16 fa-2x\"><path fill=\"currentColor\" d=\"M396.8 352h22.4c6.4 0 12.8-6.4 12.8-12.8V108.8c0-6.4-6.4-12.8-12.8-12.8h-22.4c-6.4 0-12.8 6.4-12.8 12.8v230.4c0 6.4 6.4 12.8 12.8 12.8zm-192 0h22.4c6.4 0 12.8-6.4 12.8-12.8V140.8c0-6.4-6.4-12.8-12.8-12.8h-22.4c-6.4 0-12.8 6.4-12.8 12.8v198.4c0 6.4 6.4 12.8 12.8 12.8zm96 0h22.4c6.4 0 12.8-6.4 12.8-12.8V204.8c0-6.4-6.4-12.8-12.8-12.8h-22.4c-6.4 0-12.8 6.4-12.8 12.8v134.4c0 6.4 6.4 12.8 12.8 12.8zM496 400H48V80c0-8.84-7.16-16-16-16H16C7.16 64 0 71.16 0 80v336c0 17.67 14.33 32 32 32h464c8.84 0 16-7.16 16-16v-16c0-8.84-7.16-16-16-16zm-387.2-48h22.4c6.4 0 12.8-6.4 12.8-12.8v-70.4c0-6.4-6.4-12.8-12.8-12.8h-22.4c-6.4 0-12.8 6.4-12.8 12.8v70.4c0 6.4 6.4 12.8 12.8 12.8z\" class=\"\"><\/path><\/svg><\/i> <img loading=\"lazy\" decoding=\"async\" width=\"16\" height=\"16\" alt=\"Loading\" src=\"https:\/\/meriller-vapeur.fr\/wp3\/wp-content\/plugins\/page-views-count\/ajax-loader-2x.gif\" border=0 \/><\/p>\n<div class=\"pvc_clear\"><\/div>\n","protected":false},"author":1,"featured_media":0,"comment_status":"open","ping_status":"open","sticky":false,"template":"","format":"image","meta":{"footnotes":""},"categories":[6,4,31,5,10],"tags":[],"class_list":["post-8327","post","type-post","status-publish","format-image","hentry","category-doc-ferroviaire","category-news","category-patrimoine-ferroviaire","category-photo-du-mois","category-vie-du-club","post_format-post-format-image"],"a3_pvc":{"activated":true,"total_views":331,"today_views":0},"_links":{"self":[{"href":"https:\/\/meriller-vapeur.fr\/wp3\/index.php?rest_route=\/wp\/v2\/posts\/8327","targetHints":{"allow":["GET"]}}],"collection":[{"href":"https:\/\/meriller-vapeur.fr\/wp3\/index.php?rest_route=\/wp\/v2\/posts"}],"about":[{"href":"https:\/\/meriller-vapeur.fr\/wp3\/index.php?rest_route=\/wp\/v2\/types\/post"}],"author":[{"embeddable":true,"href":"https:\/\/meriller-vapeur.fr\/wp3\/index.php?rest_route=\/wp\/v2\/users\/1"}],"replies":[{"embeddable":true,"href":"https:\/\/meriller-vapeur.fr\/wp3\/index.php?rest_route=%2Fwp%2Fv2%2Fcomments&post=8327"}],"version-history":[{"count":0,"href":"https:\/\/meriller-vapeur.fr\/wp3\/index.php?rest_route=\/wp\/v2\/posts\/8327\/revisions"}],"wp:attachment":[{"href":"https:\/\/meriller-vapeur.fr\/wp3\/index.php?rest_route=%2Fwp%2Fv2%2Fmedia&parent=8327"}],"wp:term":[{"taxonomy":"category","embeddable":true,"href":"https:\/\/meriller-vapeur.fr\/wp3\/index.php?rest_route=%2Fwp%2Fv2%2Fcategories&post=8327"},{"taxonomy":"post_tag","embeddable":true,"href":"https:\/\/meriller-vapeur.fr\/wp3\/index.php?rest_route=%2Fwp%2Fv2%2Ftags&post=8327"}],"curies":[{"name":"wp","href":"https:\/\/api.w.org\/{rel}","templated":true}]}}