{"id":8057,"date":"2017-11-29T16:42:41","date_gmt":"2017-11-29T15:42:41","guid":{"rendered":"https:\/\/meriller-vapeur.fr\/wp3\/?p=8057"},"modified":"2017-11-30T12:16:17","modified_gmt":"2017-11-30T11:16:17","slug":"6eme-salon-regional-memoire-resistance-deportation-2","status":"publish","type":"post","link":"https:\/\/meriller-vapeur.fr\/wp3\/?p=8057","title":{"rendered":"6\u00e8me Salon R\u00e9gional M\u00c9MOIRE R\u00c9SISTANCE &#038; D\u00c9PORTATION (LES PHOTOS)."},"content":{"rendered":"<div id=\"attachment_8009\" style=\"width: 698px\" class=\"wp-caption alignleft\"><img loading=\"lazy\" decoding=\"async\" aria-describedby=\"caption-attachment-8009\" class=\"wp-image-8009 size-large\" src=\"https:\/\/meriller-vapeur.fr\/wp3\/wp-content\/uploads\/2017\/11\/ROGER-MAROUBY-DSC00745-1024x748.jpg\" alt=\"\" width=\"688\" height=\"503\" srcset=\"https:\/\/meriller-vapeur.fr\/wp3\/wp-content\/uploads\/2017\/11\/ROGER-MAROUBY-DSC00745-1024x748.jpg 1024w, https:\/\/meriller-vapeur.fr\/wp3\/wp-content\/uploads\/2017\/11\/ROGER-MAROUBY-DSC00745-300x219.jpg 300w, https:\/\/meriller-vapeur.fr\/wp3\/wp-content\/uploads\/2017\/11\/ROGER-MAROUBY-DSC00745-768x561.jpg 768w, https:\/\/meriller-vapeur.fr\/wp3\/wp-content\/uploads\/2017\/11\/ROGER-MAROUBY-DSC00745.jpg 1600w\" sizes=\"auto, (max-width: 688px) 100vw, 688px\" \/><p id=\"caption-attachment-8009\" class=\"wp-caption-text\">de gauche \u00e0 droite : Philippe Chassaing D\u00e9put\u00e9 1\u00e8re circonscription Dordogne, Mireille Bordes Conseill\u00e8re d\u00e9partementale, repr\u00e9sentant Germinal Peiro, A. Audy Maire de P\u00e9rigueux, Norbert Pilm\u00e9 Pr\u00e9sident de P\u00e9rigord M\u00e9moire Histoire, Anne Ga\u00ealle Baudoin Clerc Pr\u00e9f\u00e8te de Dordogne, Claude Berit Debat S\u00e9nateur, Pascal Deguilhem Conseiller R\u00e9gional repr\u00e9sentant Alain Rousset Pdt la R\u00e9gion Nlle Aquitaine.<\/p><\/div>\n<p>Ce Salon s\u2019est tenu comme les ann\u00e9es pr\u00e9c\u00e9dentes les 25 et 26 novembre au Th\u00e9\u00e2tre de\u00a0P\u00e9rigueux.\u00a0Meriller-Vapeur 24 est intervenue pour pr\u00e9senter des nombreuses sc\u00e8nes et documents rappelant la p\u00e9riode difficile pendant laquelle ces \u00e9v\u00e9nements se sont d\u00e9roul\u00e9s.<\/p>\n<p>Les photos sont \u00e0 voir\u00a0: <a href=\"https:\/\/meriller-vapeur.fr\/wp3\/?page_id=8006\">&gt;&gt;&gt;&gt;&gt;&gt;&gt;&gt;&gt;&gt;&gt;&gt;&gt; ICI.\u00a0<\/a><\/p>\n<div class=\"pvc_clear\"><\/div>\n<p id=\"pvc_stats_8057\" class=\"pvc_stats all  \" data-element-id=\"8057\" style=\"\"><i class=\"pvc-stats-icon medium\" aria-hidden=\"true\"><svg aria-hidden=\"true\" focusable=\"false\" data-prefix=\"far\" data-icon=\"chart-bar\" role=\"img\" xmlns=\"http:\/\/www.w3.org\/2000\/svg\" viewBox=\"0 0 512 512\" class=\"svg-inline--fa fa-chart-bar fa-w-16 fa-2x\"><path fill=\"currentColor\" d=\"M396.8 352h22.4c6.4 0 12.8-6.4 12.8-12.8V108.8c0-6.4-6.4-12.8-12.8-12.8h-22.4c-6.4 0-12.8 6.4-12.8 12.8v230.4c0 6.4 6.4 12.8 12.8 12.8zm-192 0h22.4c6.4 0 12.8-6.4 12.8-12.8V140.8c0-6.4-6.4-12.8-12.8-12.8h-22.4c-6.4 0-12.8 6.4-12.8 12.8v198.4c0 6.4 6.4 12.8 12.8 12.8zm96 0h22.4c6.4 0 12.8-6.4 12.8-12.8V204.8c0-6.4-6.4-12.8-12.8-12.8h-22.4c-6.4 0-12.8 6.4-12.8 12.8v134.4c0 6.4 6.4 12.8 12.8 12.8zM496 400H48V80c0-8.84-7.16-16-16-16H16C7.16 64 0 71.16 0 80v336c0 17.67 14.33 32 32 32h464c8.84 0 16-7.16 16-16v-16c0-8.84-7.16-16-16-16zm-387.2-48h22.4c6.4 0 12.8-6.4 12.8-12.8v-70.4c0-6.4-6.4-12.8-12.8-12.8h-22.4c-6.4 0-12.8 6.4-12.8 12.8v70.4c0 6.4 6.4 12.8 12.8 12.8z\" class=\"\"><\/path><\/svg><\/i> <img loading=\"lazy\" decoding=\"async\" width=\"16\" height=\"16\" alt=\"Loading\" src=\"https:\/\/meriller-vapeur.fr\/wp3\/wp-content\/plugins\/page-views-count\/ajax-loader-2x.gif\" border=0 \/><\/p>\n<div class=\"pvc_clear\"><\/div>\n","protected":false},"excerpt":{"rendered":"<p>Ce Salon s\u2019est tenu comme les ann\u00e9es pr\u00e9c\u00e9dentes les 25 et 26 novembre au Th\u00e9\u00e2tre de\u00a0P\u00e9rigueux.\u00a0Meriller-Vapeur 24 est intervenue pour pr\u00e9senter des nombreuses sc\u00e8nes et documents rappelant la p\u00e9riode difficile pendant laquelle ces \u00e9v\u00e9nements se sont d\u00e9roul\u00e9s. Les photos sont \u00e0 voir\u00a0: &gt;&gt;&gt;&gt;&gt;&gt;&gt;&gt;&gt;&gt;&gt;&gt;&gt; ICI.\u00a0<\/p>\n<div class=\"pvc_clear\"><\/div>\n<p id=\"pvc_stats_8057\" class=\"pvc_stats all  \" data-element-id=\"8057\" style=\"\"><i class=\"pvc-stats-icon medium\" aria-hidden=\"true\"><svg aria-hidden=\"true\" focusable=\"false\" data-prefix=\"far\" data-icon=\"chart-bar\" role=\"img\" xmlns=\"http:\/\/www.w3.org\/2000\/svg\" viewBox=\"0 0 512 512\" class=\"svg-inline--fa fa-chart-bar fa-w-16 fa-2x\"><path fill=\"currentColor\" d=\"M396.8 352h22.4c6.4 0 12.8-6.4 12.8-12.8V108.8c0-6.4-6.4-12.8-12.8-12.8h-22.4c-6.4 0-12.8 6.4-12.8 12.8v230.4c0 6.4 6.4 12.8 12.8 12.8zm-192 0h22.4c6.4 0 12.8-6.4 12.8-12.8V140.8c0-6.4-6.4-12.8-12.8-12.8h-22.4c-6.4 0-12.8 6.4-12.8 12.8v198.4c0 6.4 6.4 12.8 12.8 12.8zm96 0h22.4c6.4 0 12.8-6.4 12.8-12.8V204.8c0-6.4-6.4-12.8-12.8-12.8h-22.4c-6.4 0-12.8 6.4-12.8 12.8v134.4c0 6.4 6.4 12.8 12.8 12.8zM496 400H48V80c0-8.84-7.16-16-16-16H16C7.16 64 0 71.16 0 80v336c0 17.67 14.33 32 32 32h464c8.84 0 16-7.16 16-16v-16c0-8.84-7.16-16-16-16zm-387.2-48h22.4c6.4 0 12.8-6.4 12.8-12.8v-70.4c0-6.4-6.4-12.8-12.8-12.8h-22.4c-6.4 0-12.8 6.4-12.8 12.8v70.4c0 6.4 6.4 12.8 12.8 12.8z\" class=\"\"><\/path><\/svg><\/i> <img loading=\"lazy\" decoding=\"async\" width=\"16\" height=\"16\" alt=\"Loading\" src=\"https:\/\/meriller-vapeur.fr\/wp3\/wp-content\/plugins\/page-views-count\/ajax-loader-2x.gif\" border=0 \/><\/p>\n<div class=\"pvc_clear\"><\/div>\n","protected":false},"author":1,"featured_media":0,"comment_status":"open","ping_status":"open","sticky":false,"template":"","format":"image","meta":{"footnotes":""},"categories":[9,8,31,10],"tags":[],"class_list":["post-8057","post","type-post","status-publish","format-image","hentry","category-expositions","category-materiels-speciaux","category-patrimoine-ferroviaire","category-vie-du-club","post_format-post-format-image"],"a3_pvc":{"activated":true,"total_views":226,"today_views":0},"_links":{"self":[{"href":"https:\/\/meriller-vapeur.fr\/wp3\/index.php?rest_route=\/wp\/v2\/posts\/8057","targetHints":{"allow":["GET"]}}],"collection":[{"href":"https:\/\/meriller-vapeur.fr\/wp3\/index.php?rest_route=\/wp\/v2\/posts"}],"about":[{"href":"https:\/\/meriller-vapeur.fr\/wp3\/index.php?rest_route=\/wp\/v2\/types\/post"}],"author":[{"embeddable":true,"href":"https:\/\/meriller-vapeur.fr\/wp3\/index.php?rest_route=\/wp\/v2\/users\/1"}],"replies":[{"embeddable":true,"href":"https:\/\/meriller-vapeur.fr\/wp3\/index.php?rest_route=%2Fwp%2Fv2%2Fcomments&post=8057"}],"version-history":[{"count":0,"href":"https:\/\/meriller-vapeur.fr\/wp3\/index.php?rest_route=\/wp\/v2\/posts\/8057\/revisions"}],"wp:attachment":[{"href":"https:\/\/meriller-vapeur.fr\/wp3\/index.php?rest_route=%2Fwp%2Fv2%2Fmedia&parent=8057"}],"wp:term":[{"taxonomy":"category","embeddable":true,"href":"https:\/\/meriller-vapeur.fr\/wp3\/index.php?rest_route=%2Fwp%2Fv2%2Fcategories&post=8057"},{"taxonomy":"post_tag","embeddable":true,"href":"https:\/\/meriller-vapeur.fr\/wp3\/index.php?rest_route=%2Fwp%2Fv2%2Ftags&post=8057"}],"curies":[{"name":"wp","href":"https:\/\/api.w.org\/{rel}","templated":true}]}}