{"id":6614,"date":"2016-12-29T14:00:26","date_gmt":"2016-12-29T13:00:26","guid":{"rendered":"http:\/\/meriller-vapeur.fr\/wp3\/?p=6614"},"modified":"2016-12-29T16:20:08","modified_gmt":"2016-12-29T15:20:08","slug":"creation-dun-parking-relais-et-dun-arret-pour-le-bus-a-haut-niveau-de-service","status":"publish","type":"post","link":"https:\/\/meriller-vapeur.fr\/wp3\/?p=6614","title":{"rendered":"Cr\u00e9ation d\u2019un \u201cPARKING RELAIS\u201d et d\u2019un arr\u00eat pour le Bus \u00e0 Haut Niveau de Service (Suite)."},"content":{"rendered":"<pre><strong>\u2022 <\/strong><strong><em>Mise \u00e0 jour du jeudi 29 d\u00e9cembre 2016\u00a0:\u00a0 <\/em><\/strong>Voici les derni\u00e8res photos du rond point:\r\n\u2013 Tourets et tampons install\u00e9s le 27 d\u00e9cembre par le service Technique de la commune.\r\n\u2013 Les 2 photos suivantes\u00a0 ont \u00e9t\u00e9 prise par Gilbert Urso au\u00a0matin du 28 d\u00e9cembre. A voir en bas de page <strong><a href=\"https:\/\/meriller-vapeur.fr\/wp3\/?page_id=6757\">&gt;&gt;&gt;&gt;&gt;&gt;&gt;&gt;&gt;&gt;&gt;&gt;&gt; ICI\u00a0<\/a><\/strong>\r\n\r\n<strong><em>\u2022 Mise \u00e0 jour du vendredi 23 d\u00e9cembre 2016\u00a0:\u00a0 clich\u00e9s du 22 d\u00e9cembre, de nuit <\/em>&#x1f61c;<\/strong>\r\nVoir la nouvelle page <strong><a href=\"https:\/\/meriller-vapeur.fr\/wp3\/?page_id=6757\">&gt;&gt;&gt;&gt;&gt;&gt;&gt;&gt;&gt;&gt;&gt;&gt;&gt; ICI\u00a0\r\n<\/a>\r\n\r\n\u2022 Mise \u00e0 jour du\u00a022 d\u00e9cembre 2016\u00a0: <em>\u00a0de nouveaux clich\u00e9s, et le chantier a bien progress\u00e9!!!!<\/em> \r\n<\/strong><\/pre>\n<p><a href=\"http:\/\/meriller-vapeur.fr\/wp3\/?page_id=6603\"><img loading=\"lazy\" decoding=\"async\" class=\"alignleft wp-image-6723 size-large\" src=\"http:\/\/meriller-vapeur.fr\/wp3\/wp-content\/uploads\/2016\/11\/Parking-relais-1024x344.jpg\" alt=\"parking-relais\" width=\"688\" height=\"231\" srcset=\"https:\/\/meriller-vapeur.fr\/wp3\/wp-content\/uploads\/2016\/11\/Parking-relais-1024x344.jpg 1024w, https:\/\/meriller-vapeur.fr\/wp3\/wp-content\/uploads\/2016\/11\/Parking-relais-300x101.jpg 300w, https:\/\/meriller-vapeur.fr\/wp3\/wp-content\/uploads\/2016\/11\/Parking-relais-768x258.jpg 768w, https:\/\/meriller-vapeur.fr\/wp3\/wp-content\/uploads\/2016\/11\/Parking-relais.jpg 1772w\" sizes=\"auto, (max-width: 688px) 100vw, 688px\" \/><\/a>C\u2019est une grande op\u00e9ration qui a lieu devant la Locomotive du Rond-Point de M\u00e9riller !<\/p>\n<div>\n<hr \/>\n<p><em><strong>Nous sommes en mesure de vous pr\u00e9senter\u00a0<a href=\"http:\/\/meriller-vapeur.fr\/wp3\/?page_id=6603\">un reportage complet <\/a>de nos envoy\u00e9s sp\u00e9ciaux qui \u201ccouvrent\u201d cet\u00a0\u00e9v\u00e9nement\u2026<\/strong><\/em><\/p>\n<\/div>\n<pre>\u00a0<span style=\"text-decoration: underline;\">Ce que l\u2019on peut d\u00e9j\u00e0 vous dire\u00a0<\/span>:\r\n 1 - L\u2019utilisation de ce parking est uniquement r\u00e9serv\u00e9 \u00e0 l\u2019usage des PERIBUS et covoiturage,<span style=\"color: #ff0000;\"><strong><em> en aucun cas les cars dits \u00ab\u00a0MACRON\u00a0\u00bb n\u2019y auront\u00a0 acc\u00e8s.\r\n Au contraire, cette\u00a0\u201c gare \u201d P\u00e9ribus se compl\u00e8terait tr\u00e8s bien avec un arr\u00eat de la future navette ferroviaire et TER, et pourrait apporter un plus au chemin de fer, et acc\u00e8s direct \u00e0 Chamiers pour les usagers du train.<\/em><\/strong><\/span>\r\n 2<strong> - <\/strong>La mise en service est pr\u00e9vue vers le 15 d\u00e9cembre (sous r\u00e9serve d\u2019une m\u00e9t\u00e9o permettant l\u2019ach\u00e8vement des travaux\u2026)<\/pre>\n<h6><em>mise \u00e0 jour le\u00a0jeudi 01 d\u00e9cembre 2016.<\/em><\/h6>\n<div class=\"pvc_clear\"><\/div>\n<p id=\"pvc_stats_6614\" class=\"pvc_stats all  \" data-element-id=\"6614\" style=\"\"><i class=\"pvc-stats-icon medium\" aria-hidden=\"true\"><svg aria-hidden=\"true\" focusable=\"false\" data-prefix=\"far\" data-icon=\"chart-bar\" role=\"img\" xmlns=\"http:\/\/www.w3.org\/2000\/svg\" viewBox=\"0 0 512 512\" class=\"svg-inline--fa fa-chart-bar fa-w-16 fa-2x\"><path fill=\"currentColor\" d=\"M396.8 352h22.4c6.4 0 12.8-6.4 12.8-12.8V108.8c0-6.4-6.4-12.8-12.8-12.8h-22.4c-6.4 0-12.8 6.4-12.8 12.8v230.4c0 6.4 6.4 12.8 12.8 12.8zm-192 0h22.4c6.4 0 12.8-6.4 12.8-12.8V140.8c0-6.4-6.4-12.8-12.8-12.8h-22.4c-6.4 0-12.8 6.4-12.8 12.8v198.4c0 6.4 6.4 12.8 12.8 12.8zm96 0h22.4c6.4 0 12.8-6.4 12.8-12.8V204.8c0-6.4-6.4-12.8-12.8-12.8h-22.4c-6.4 0-12.8 6.4-12.8 12.8v134.4c0 6.4 6.4 12.8 12.8 12.8zM496 400H48V80c0-8.84-7.16-16-16-16H16C7.16 64 0 71.16 0 80v336c0 17.67 14.33 32 32 32h464c8.84 0 16-7.16 16-16v-16c0-8.84-7.16-16-16-16zm-387.2-48h22.4c6.4 0 12.8-6.4 12.8-12.8v-70.4c0-6.4-6.4-12.8-12.8-12.8h-22.4c-6.4 0-12.8 6.4-12.8 12.8v70.4c0 6.4 6.4 12.8 12.8 12.8z\" class=\"\"><\/path><\/svg><\/i> <img loading=\"lazy\" decoding=\"async\" width=\"16\" height=\"16\" alt=\"Loading\" src=\"https:\/\/meriller-vapeur.fr\/wp3\/wp-content\/plugins\/page-views-count\/ajax-loader-2x.gif\" border=0 \/><\/p>\n<div class=\"pvc_clear\"><\/div>\n","protected":false},"excerpt":{"rendered":"<p>\u2022 Mise \u00e0 jour du jeudi 29 d\u00e9cembre 2016\u00a0:\u00a0 Voici les derni\u00e8res photos du rond point: \u2013 Tourets et tampons install\u00e9s le 27 d\u00e9cembre par le service Technique de la commune. \u2013 Les 2 photos suivantes\u00a0 ont \u00e9t\u00e9 prise par Gilbert Urso au\u00a0matin du 28 d\u00e9cembre. A voir en bas de page &gt;&gt;&gt;&gt;&gt;&gt;&gt;&gt;&gt;&gt;&gt;&gt;&gt; ICI\u00a0 \u2022\u2026 <span class=\"read-more\"><a href=\"https:\/\/meriller-vapeur.fr\/wp3\/?p=6614\">Read More &raquo;<\/a><\/span><\/p>\n<div class=\"pvc_clear\"><\/div>\n<p id=\"pvc_stats_6614\" class=\"pvc_stats all  \" data-element-id=\"6614\" style=\"\"><i class=\"pvc-stats-icon medium\" aria-hidden=\"true\"><svg aria-hidden=\"true\" focusable=\"false\" data-prefix=\"far\" data-icon=\"chart-bar\" role=\"img\" xmlns=\"http:\/\/www.w3.org\/2000\/svg\" viewBox=\"0 0 512 512\" class=\"svg-inline--fa fa-chart-bar fa-w-16 fa-2x\"><path fill=\"currentColor\" d=\"M396.8 352h22.4c6.4 0 12.8-6.4 12.8-12.8V108.8c0-6.4-6.4-12.8-12.8-12.8h-22.4c-6.4 0-12.8 6.4-12.8 12.8v230.4c0 6.4 6.4 12.8 12.8 12.8zm-192 0h22.4c6.4 0 12.8-6.4 12.8-12.8V140.8c0-6.4-6.4-12.8-12.8-12.8h-22.4c-6.4 0-12.8 6.4-12.8 12.8v198.4c0 6.4 6.4 12.8 12.8 12.8zm96 0h22.4c6.4 0 12.8-6.4 12.8-12.8V204.8c0-6.4-6.4-12.8-12.8-12.8h-22.4c-6.4 0-12.8 6.4-12.8 12.8v134.4c0 6.4 6.4 12.8 12.8 12.8zM496 400H48V80c0-8.84-7.16-16-16-16H16C7.16 64 0 71.16 0 80v336c0 17.67 14.33 32 32 32h464c8.84 0 16-7.16 16-16v-16c0-8.84-7.16-16-16-16zm-387.2-48h22.4c6.4 0 12.8-6.4 12.8-12.8v-70.4c0-6.4-6.4-12.8-12.8-12.8h-22.4c-6.4 0-12.8 6.4-12.8 12.8v70.4c0 6.4 6.4 12.8 12.8 12.8z\" class=\"\"><\/path><\/svg><\/i> <img loading=\"lazy\" decoding=\"async\" width=\"16\" height=\"16\" alt=\"Loading\" src=\"https:\/\/meriller-vapeur.fr\/wp3\/wp-content\/plugins\/page-views-count\/ajax-loader-2x.gif\" border=0 \/><\/p>\n<div class=\"pvc_clear\"><\/div>\n","protected":false},"author":1,"featured_media":0,"comment_status":"open","ping_status":"open","sticky":false,"template":"","format":"image","meta":{"footnotes":""},"categories":[4,31,29,10],"tags":[],"class_list":["post-6614","post","type-post","status-publish","format-image","hentry","category-news","category-patrimoine-ferroviaire","category-presse","category-vie-du-club","post_format-post-format-image"],"a3_pvc":{"activated":true,"total_views":295,"today_views":0},"_links":{"self":[{"href":"https:\/\/meriller-vapeur.fr\/wp3\/index.php?rest_route=\/wp\/v2\/posts\/6614","targetHints":{"allow":["GET"]}}],"collection":[{"href":"https:\/\/meriller-vapeur.fr\/wp3\/index.php?rest_route=\/wp\/v2\/posts"}],"about":[{"href":"https:\/\/meriller-vapeur.fr\/wp3\/index.php?rest_route=\/wp\/v2\/types\/post"}],"author":[{"embeddable":true,"href":"https:\/\/meriller-vapeur.fr\/wp3\/index.php?rest_route=\/wp\/v2\/users\/1"}],"replies":[{"embeddable":true,"href":"https:\/\/meriller-vapeur.fr\/wp3\/index.php?rest_route=%2Fwp%2Fv2%2Fcomments&post=6614"}],"version-history":[{"count":0,"href":"https:\/\/meriller-vapeur.fr\/wp3\/index.php?rest_route=\/wp\/v2\/posts\/6614\/revisions"}],"wp:attachment":[{"href":"https:\/\/meriller-vapeur.fr\/wp3\/index.php?rest_route=%2Fwp%2Fv2%2Fmedia&parent=6614"}],"wp:term":[{"taxonomy":"category","embeddable":true,"href":"https:\/\/meriller-vapeur.fr\/wp3\/index.php?rest_route=%2Fwp%2Fv2%2Fcategories&post=6614"},{"taxonomy":"post_tag","embeddable":true,"href":"https:\/\/meriller-vapeur.fr\/wp3\/index.php?rest_route=%2Fwp%2Fv2%2Ftags&post=6614"}],"curies":[{"name":"wp","href":"https:\/\/api.w.org\/{rel}","templated":true}]}}