{"id":6260,"date":"2016-09-18T10:00:38","date_gmt":"2016-09-18T08:00:38","guid":{"rendered":"http:\/\/meriller-vapeur.fr\/wp3\/?p=6260"},"modified":"2016-09-18T10:47:24","modified_gmt":"2016-09-18T08:47:24","slug":"les-travaux-du-rond-point-septembre-2016","status":"publish","type":"post","link":"https:\/\/meriller-vapeur.fr\/wp3\/?p=6260","title":{"rendered":"Les travaux du Rond-Point, septembre 2016."},"content":{"rendered":"<p><img loading=\"lazy\" decoding=\"async\" class=\"alignleft wp-image-6253 size-medium\" src=\"http:\/\/meriller-vapeur.fr\/wp3\/wp-content\/uploads\/2016\/09\/DSC09507-300x225.jpg\" alt=\"dsc09507\" width=\"300\" height=\"225\" srcset=\"https:\/\/meriller-vapeur.fr\/wp3\/wp-content\/uploads\/2016\/09\/DSC09507-300x225.jpg 300w, https:\/\/meriller-vapeur.fr\/wp3\/wp-content\/uploads\/2016\/09\/DSC09507-768x576.jpg 768w, https:\/\/meriller-vapeur.fr\/wp3\/wp-content\/uploads\/2016\/09\/DSC09507-1024x768.jpg 1024w, https:\/\/meriller-vapeur.fr\/wp3\/wp-content\/uploads\/2016\/09\/DSC09507.jpg 2048w\" sizes=\"auto, (max-width: 300px) 100vw, 300px\" \/>Comme chaque ann\u00e9e,\u00a0<b>une campagne d\u2019entretien et de remise en \u00e9tat de la Locomotive PO 6065\u00a0a \u00e9t\u00e9 r\u00e9alis\u00e9e <\/b>les\u00a06 &#8211; 7 &#8211; 8 et\u00a013 septembre 2016. \u00a0Si les conditions m\u00e9t\u00e9o restentfavorables les travaux de finitions se feront le 19 septembre.<br \/>\nNos travaux ont re\u00e7u la visite de Madame la Pr\u00e9f\u00e8te, et des Elus du D\u00e9partement et de la Commune, nous les remercions de l\u2019int\u00e9r\u00eat qu\u2019ils portent \u00e0 notre Association.<br \/>\nMerci \u00e9galement aux participants tous b\u00e9n\u00e9voles, ainsi qu&rsquo;\u00e0 l\u2019Association \u201cLe Chemin\u201d qui a propos\u00e9 \u00e0 quelques jeunes de travailler avec nous.<\/p>\n<hr \/>\n<p><em><strong>DERNI\u00c8RE MINUTE\u00a0:<\/strong> \u00a0<strong>Mise \u00e0 jour du\u00a018-09-2016\u00a0:\u00a0<\/strong>D\u2019autres clich\u00e9s nous sont parvenus, envoy\u00e9s par notre reporter \u00e9m\u00e9rite, Jean-Paul T., vous les trouverez en bas de page&#8230;<\/em><br \/>\n<em><strong>Egalement un ARTICLE DU JOURNAL SUD-OUEST \u00e0 ce sujet.<\/strong><\/em><\/p>\n<p>Les photos sont \u00a0<a href=\"http:\/\/meriller-vapeur.fr\/wp3\/?page_id=6182\">&gt;&gt;&gt;&gt;&gt;&gt;&gt;&gt;&gt;&gt;&gt;&gt;&gt;ICI<\/a>.<\/p>\n<div class=\"pvc_clear\"><\/div>\n<p id=\"pvc_stats_6260\" class=\"pvc_stats all  \" data-element-id=\"6260\" style=\"\"><i class=\"pvc-stats-icon medium\" aria-hidden=\"true\"><svg aria-hidden=\"true\" focusable=\"false\" data-prefix=\"far\" data-icon=\"chart-bar\" role=\"img\" xmlns=\"http:\/\/www.w3.org\/2000\/svg\" viewBox=\"0 0 512 512\" class=\"svg-inline--fa fa-chart-bar fa-w-16 fa-2x\"><path fill=\"currentColor\" d=\"M396.8 352h22.4c6.4 0 12.8-6.4 12.8-12.8V108.8c0-6.4-6.4-12.8-12.8-12.8h-22.4c-6.4 0-12.8 6.4-12.8 12.8v230.4c0 6.4 6.4 12.8 12.8 12.8zm-192 0h22.4c6.4 0 12.8-6.4 12.8-12.8V140.8c0-6.4-6.4-12.8-12.8-12.8h-22.4c-6.4 0-12.8 6.4-12.8 12.8v198.4c0 6.4 6.4 12.8 12.8 12.8zm96 0h22.4c6.4 0 12.8-6.4 12.8-12.8V204.8c0-6.4-6.4-12.8-12.8-12.8h-22.4c-6.4 0-12.8 6.4-12.8 12.8v134.4c0 6.4 6.4 12.8 12.8 12.8zM496 400H48V80c0-8.84-7.16-16-16-16H16C7.16 64 0 71.16 0 80v336c0 17.67 14.33 32 32 32h464c8.84 0 16-7.16 16-16v-16c0-8.84-7.16-16-16-16zm-387.2-48h22.4c6.4 0 12.8-6.4 12.8-12.8v-70.4c0-6.4-6.4-12.8-12.8-12.8h-22.4c-6.4 0-12.8 6.4-12.8 12.8v70.4c0 6.4 6.4 12.8 12.8 12.8z\" class=\"\"><\/path><\/svg><\/i> <img loading=\"lazy\" decoding=\"async\" width=\"16\" height=\"16\" alt=\"Loading\" src=\"https:\/\/meriller-vapeur.fr\/wp3\/wp-content\/plugins\/page-views-count\/ajax-loader-2x.gif\" border=0 \/><\/p>\n<div class=\"pvc_clear\"><\/div>\n","protected":false},"excerpt":{"rendered":"<p>Comme chaque ann\u00e9e,\u00a0une campagne d\u2019entretien et de remise en \u00e9tat de la Locomotive PO 6065\u00a0a \u00e9t\u00e9 r\u00e9alis\u00e9e les\u00a06 &#8211; 7 &#8211; 8 et\u00a013 septembre 2016. \u00a0Si les conditions m\u00e9t\u00e9o restentfavorables les travaux de finitions se feront le 19 septembre. Nos travaux ont re\u00e7u la visite de Madame la Pr\u00e9f\u00e8te, et des Elus du D\u00e9partement et\u2026 <span class=\"read-more\"><a href=\"https:\/\/meriller-vapeur.fr\/wp3\/?p=6260\">Read More &raquo;<\/a><\/span><\/p>\n<div class=\"pvc_clear\"><\/div>\n<p id=\"pvc_stats_6260\" class=\"pvc_stats all  \" data-element-id=\"6260\" style=\"\"><i class=\"pvc-stats-icon medium\" aria-hidden=\"true\"><svg aria-hidden=\"true\" focusable=\"false\" data-prefix=\"far\" data-icon=\"chart-bar\" role=\"img\" xmlns=\"http:\/\/www.w3.org\/2000\/svg\" viewBox=\"0 0 512 512\" class=\"svg-inline--fa fa-chart-bar fa-w-16 fa-2x\"><path fill=\"currentColor\" d=\"M396.8 352h22.4c6.4 0 12.8-6.4 12.8-12.8V108.8c0-6.4-6.4-12.8-12.8-12.8h-22.4c-6.4 0-12.8 6.4-12.8 12.8v230.4c0 6.4 6.4 12.8 12.8 12.8zm-192 0h22.4c6.4 0 12.8-6.4 12.8-12.8V140.8c0-6.4-6.4-12.8-12.8-12.8h-22.4c-6.4 0-12.8 6.4-12.8 12.8v198.4c0 6.4 6.4 12.8 12.8 12.8zm96 0h22.4c6.4 0 12.8-6.4 12.8-12.8V204.8c0-6.4-6.4-12.8-12.8-12.8h-22.4c-6.4 0-12.8 6.4-12.8 12.8v134.4c0 6.4 6.4 12.8 12.8 12.8zM496 400H48V80c0-8.84-7.16-16-16-16H16C7.16 64 0 71.16 0 80v336c0 17.67 14.33 32 32 32h464c8.84 0 16-7.16 16-16v-16c0-8.84-7.16-16-16-16zm-387.2-48h22.4c6.4 0 12.8-6.4 12.8-12.8v-70.4c0-6.4-6.4-12.8-12.8-12.8h-22.4c-6.4 0-12.8 6.4-12.8 12.8v70.4c0 6.4 6.4 12.8 12.8 12.8z\" class=\"\"><\/path><\/svg><\/i> <img loading=\"lazy\" decoding=\"async\" width=\"16\" height=\"16\" alt=\"Loading\" src=\"https:\/\/meriller-vapeur.fr\/wp3\/wp-content\/plugins\/page-views-count\/ajax-loader-2x.gif\" border=0 \/><\/p>\n<div class=\"pvc_clear\"><\/div>\n","protected":false},"author":1,"featured_media":0,"comment_status":"open","ping_status":"open","sticky":false,"template":"","format":"image","meta":{"footnotes":""},"categories":[11,4,29,37,10],"tags":[],"class_list":["post-6260","post","type-post","status-publish","format-image","hentry","category-ateliers","category-news","category-presse","category-rond-point-meriller","category-vie-du-club","post_format-post-format-image"],"a3_pvc":{"activated":true,"total_views":209,"today_views":0},"_links":{"self":[{"href":"https:\/\/meriller-vapeur.fr\/wp3\/index.php?rest_route=\/wp\/v2\/posts\/6260","targetHints":{"allow":["GET"]}}],"collection":[{"href":"https:\/\/meriller-vapeur.fr\/wp3\/index.php?rest_route=\/wp\/v2\/posts"}],"about":[{"href":"https:\/\/meriller-vapeur.fr\/wp3\/index.php?rest_route=\/wp\/v2\/types\/post"}],"author":[{"embeddable":true,"href":"https:\/\/meriller-vapeur.fr\/wp3\/index.php?rest_route=\/wp\/v2\/users\/1"}],"replies":[{"embeddable":true,"href":"https:\/\/meriller-vapeur.fr\/wp3\/index.php?rest_route=%2Fwp%2Fv2%2Fcomments&post=6260"}],"version-history":[{"count":0,"href":"https:\/\/meriller-vapeur.fr\/wp3\/index.php?rest_route=\/wp\/v2\/posts\/6260\/revisions"}],"wp:attachment":[{"href":"https:\/\/meriller-vapeur.fr\/wp3\/index.php?rest_route=%2Fwp%2Fv2%2Fmedia&parent=6260"}],"wp:term":[{"taxonomy":"category","embeddable":true,"href":"https:\/\/meriller-vapeur.fr\/wp3\/index.php?rest_route=%2Fwp%2Fv2%2Fcategories&post=6260"},{"taxonomy":"post_tag","embeddable":true,"href":"https:\/\/meriller-vapeur.fr\/wp3\/index.php?rest_route=%2Fwp%2Fv2%2Ftags&post=6260"}],"curies":[{"name":"wp","href":"https:\/\/api.w.org\/{rel}","templated":true}]}}