{"id":5903,"date":"2016-06-02T15:55:30","date_gmt":"2016-06-02T13:55:30","guid":{"rendered":"http:\/\/meriller-vapeur.fr\/wp3\/?p=5903"},"modified":"2016-12-24T12:23:07","modified_gmt":"2016-12-24T11:23:07","slug":"patrimoine-ferroviaire-gares-en-desherence","status":"publish","type":"post","link":"https:\/\/meriller-vapeur.fr\/wp3\/?p=5903","title":{"rendered":"Patrimoine ferroviaire\u00a0: gares en d\u00e9sh\u00e9rence&#8230;"},"content":{"rendered":"<p>Nos membres en vacances sont attentifs au patrimoine ferroviaire!<\/p>\n<p>Deux s\u00e9ries de clich\u00e9s pour enrichir nos archives\u00a0:<\/p>\n<p><img loading=\"lazy\" decoding=\"async\" class=\"alignleft size-thumbnail wp-image-5893\" src=\"https:\/\/meriller-vapeur.fr\/wp3\/wp-content\/uploads\/2016\/06\/20150922_144701-150x150.jpg\" alt=\"20150922_144701\" width=\"150\" height=\"150\" \/>Jean-Claude Rogeau\u00a0: &gt;&gt;&gt;&gt;&gt;&gt;<a href=\"https:\/\/meriller-vapeur.fr\/wp3\/?page_id=5901\">La Gare de Canfranc<\/a> (re\u00e7us le 29-05-2016)<\/p>\n<p>(Gare situ\u00e9e \u00e0 la fronti\u00e8re franco-espagnole)<\/p>\n<p>&nbsp;<\/p>\n<p>&nbsp;<\/p>\n<p>&nbsp;<\/p>\n<p><img loading=\"lazy\" decoding=\"async\" class=\"alignleft size-thumbnail wp-image-5888\" src=\"https:\/\/meriller-vapeur.fr\/wp3\/wp-content\/uploads\/2016\/06\/DSC05599-150x150.jpg\" alt=\"DSC05599\" width=\"150\" height=\"150\" \/>Laurent Simon\u00a0: &gt;&gt;&gt;&gt;&gt;&gt;&gt;<a href=\"https:\/\/meriller-vapeur.fr\/wp3\/?page_id=5881\">La gare du Mont-Dore<\/a>\u00a0(re\u00e7us le 29-05-2016)<\/p>\n<p>(Gare d\u00e9saffect\u00e9e depuis avril 2016).<\/p>\n<div class=\"pvc_clear\"><\/div>\n<p id=\"pvc_stats_5903\" class=\"pvc_stats all  \" data-element-id=\"5903\" style=\"\"><i class=\"pvc-stats-icon medium\" aria-hidden=\"true\"><svg aria-hidden=\"true\" focusable=\"false\" data-prefix=\"far\" data-icon=\"chart-bar\" role=\"img\" xmlns=\"http:\/\/www.w3.org\/2000\/svg\" viewBox=\"0 0 512 512\" class=\"svg-inline--fa fa-chart-bar fa-w-16 fa-2x\"><path fill=\"currentColor\" d=\"M396.8 352h22.4c6.4 0 12.8-6.4 12.8-12.8V108.8c0-6.4-6.4-12.8-12.8-12.8h-22.4c-6.4 0-12.8 6.4-12.8 12.8v230.4c0 6.4 6.4 12.8 12.8 12.8zm-192 0h22.4c6.4 0 12.8-6.4 12.8-12.8V140.8c0-6.4-6.4-12.8-12.8-12.8h-22.4c-6.4 0-12.8 6.4-12.8 12.8v198.4c0 6.4 6.4 12.8 12.8 12.8zm96 0h22.4c6.4 0 12.8-6.4 12.8-12.8V204.8c0-6.4-6.4-12.8-12.8-12.8h-22.4c-6.4 0-12.8 6.4-12.8 12.8v134.4c0 6.4 6.4 12.8 12.8 12.8zM496 400H48V80c0-8.84-7.16-16-16-16H16C7.16 64 0 71.16 0 80v336c0 17.67 14.33 32 32 32h464c8.84 0 16-7.16 16-16v-16c0-8.84-7.16-16-16-16zm-387.2-48h22.4c6.4 0 12.8-6.4 12.8-12.8v-70.4c0-6.4-6.4-12.8-12.8-12.8h-22.4c-6.4 0-12.8 6.4-12.8 12.8v70.4c0 6.4 6.4 12.8 12.8 12.8z\" class=\"\"><\/path><\/svg><\/i> <img loading=\"lazy\" decoding=\"async\" width=\"16\" height=\"16\" alt=\"Loading\" src=\"https:\/\/meriller-vapeur.fr\/wp3\/wp-content\/plugins\/page-views-count\/ajax-loader-2x.gif\" border=0 \/><\/p>\n<div class=\"pvc_clear\"><\/div>\n","protected":false},"excerpt":{"rendered":"<p>Nos membres en vacances sont attentifs au patrimoine ferroviaire! Deux s\u00e9ries de clich\u00e9s pour enrichir nos archives\u00a0: Jean-Claude Rogeau\u00a0: &gt;&gt;&gt;&gt;&gt;&gt;La Gare de Canfranc (re\u00e7us le 29-05-2016) (Gare situ\u00e9e \u00e0 la fronti\u00e8re franco-espagnole) &nbsp; &nbsp; &nbsp; Laurent Simon\u00a0: &gt;&gt;&gt;&gt;&gt;&gt;&gt;La gare du Mont-Dore\u00a0(re\u00e7us le 29-05-2016) (Gare d\u00e9saffect\u00e9e depuis avril 2016).<\/p>\n<div class=\"pvc_clear\"><\/div>\n<p id=\"pvc_stats_5903\" class=\"pvc_stats all  \" data-element-id=\"5903\" style=\"\"><i class=\"pvc-stats-icon medium\" aria-hidden=\"true\"><svg aria-hidden=\"true\" focusable=\"false\" data-prefix=\"far\" data-icon=\"chart-bar\" role=\"img\" xmlns=\"http:\/\/www.w3.org\/2000\/svg\" viewBox=\"0 0 512 512\" class=\"svg-inline--fa fa-chart-bar fa-w-16 fa-2x\"><path fill=\"currentColor\" d=\"M396.8 352h22.4c6.4 0 12.8-6.4 12.8-12.8V108.8c0-6.4-6.4-12.8-12.8-12.8h-22.4c-6.4 0-12.8 6.4-12.8 12.8v230.4c0 6.4 6.4 12.8 12.8 12.8zm-192 0h22.4c6.4 0 12.8-6.4 12.8-12.8V140.8c0-6.4-6.4-12.8-12.8-12.8h-22.4c-6.4 0-12.8 6.4-12.8 12.8v198.4c0 6.4 6.4 12.8 12.8 12.8zm96 0h22.4c6.4 0 12.8-6.4 12.8-12.8V204.8c0-6.4-6.4-12.8-12.8-12.8h-22.4c-6.4 0-12.8 6.4-12.8 12.8v134.4c0 6.4 6.4 12.8 12.8 12.8zM496 400H48V80c0-8.84-7.16-16-16-16H16C7.16 64 0 71.16 0 80v336c0 17.67 14.33 32 32 32h464c8.84 0 16-7.16 16-16v-16c0-8.84-7.16-16-16-16zm-387.2-48h22.4c6.4 0 12.8-6.4 12.8-12.8v-70.4c0-6.4-6.4-12.8-12.8-12.8h-22.4c-6.4 0-12.8 6.4-12.8 12.8v70.4c0 6.4 6.4 12.8 12.8 12.8z\" class=\"\"><\/path><\/svg><\/i> <img loading=\"lazy\" decoding=\"async\" width=\"16\" height=\"16\" alt=\"Loading\" src=\"https:\/\/meriller-vapeur.fr\/wp3\/wp-content\/plugins\/page-views-count\/ajax-loader-2x.gif\" border=0 \/><\/p>\n<div class=\"pvc_clear\"><\/div>\n","protected":false},"author":1,"featured_media":0,"comment_status":"open","ping_status":"open","sticky":false,"template":"","format":"standard","meta":{"footnotes":""},"categories":[4,31,5,10],"tags":[],"class_list":["post-5903","post","type-post","status-publish","format-standard","hentry","category-news","category-patrimoine-ferroviaire","category-photo-du-mois","category-vie-du-club"],"a3_pvc":{"activated":true,"total_views":141,"today_views":0},"_links":{"self":[{"href":"https:\/\/meriller-vapeur.fr\/wp3\/index.php?rest_route=\/wp\/v2\/posts\/5903","targetHints":{"allow":["GET"]}}],"collection":[{"href":"https:\/\/meriller-vapeur.fr\/wp3\/index.php?rest_route=\/wp\/v2\/posts"}],"about":[{"href":"https:\/\/meriller-vapeur.fr\/wp3\/index.php?rest_route=\/wp\/v2\/types\/post"}],"author":[{"embeddable":true,"href":"https:\/\/meriller-vapeur.fr\/wp3\/index.php?rest_route=\/wp\/v2\/users\/1"}],"replies":[{"embeddable":true,"href":"https:\/\/meriller-vapeur.fr\/wp3\/index.php?rest_route=%2Fwp%2Fv2%2Fcomments&post=5903"}],"version-history":[{"count":0,"href":"https:\/\/meriller-vapeur.fr\/wp3\/index.php?rest_route=\/wp\/v2\/posts\/5903\/revisions"}],"wp:attachment":[{"href":"https:\/\/meriller-vapeur.fr\/wp3\/index.php?rest_route=%2Fwp%2Fv2%2Fmedia&parent=5903"}],"wp:term":[{"taxonomy":"category","embeddable":true,"href":"https:\/\/meriller-vapeur.fr\/wp3\/index.php?rest_route=%2Fwp%2Fv2%2Fcategories&post=5903"},{"taxonomy":"post_tag","embeddable":true,"href":"https:\/\/meriller-vapeur.fr\/wp3\/index.php?rest_route=%2Fwp%2Fv2%2Ftags&post=5903"}],"curies":[{"name":"wp","href":"https:\/\/api.w.org\/{rel}","templated":true}]}}