{"id":5562,"date":"2016-03-30T00:04:50","date_gmt":"2016-03-29T22:04:50","guid":{"rendered":"http:\/\/meriller-vapeur.fr\/wp3\/?p=5562"},"modified":"2016-03-30T00:05:11","modified_gmt":"2016-03-29T22:05:11","slug":"salon-des-collectionneurs-de-bergerac-2016-les-photos","status":"publish","type":"post","link":"https:\/\/meriller-vapeur.fr\/wp3\/?p=5562","title":{"rendered":"Salon des Collectionneurs de Bergerac 2016\u00a0: les photos!"},"content":{"rendered":"<div id=\"attachment_5541\" style=\"width: 310px\" class=\"wp-caption alignleft\"><a href=\"http:\/\/meriller-vapeur.fr\/wp3\/wp-content\/uploads\/2016\/03\/IMG_3683.jpg\" rel=\"attachment wp-att-5541\"><img loading=\"lazy\" decoding=\"async\" aria-describedby=\"caption-attachment-5541\" class=\"size-medium wp-image-5541\" src=\"http:\/\/meriller-vapeur.fr\/wp3\/wp-content\/uploads\/2016\/03\/IMG_3683-300x200.jpg\" alt=\"Vue de la Salle...\" width=\"300\" height=\"200\" srcset=\"https:\/\/meriller-vapeur.fr\/wp3\/wp-content\/uploads\/2016\/03\/IMG_3683-300x200.jpg 300w, https:\/\/meriller-vapeur.fr\/wp3\/wp-content\/uploads\/2016\/03\/IMG_3683-768x512.jpg 768w, https:\/\/meriller-vapeur.fr\/wp3\/wp-content\/uploads\/2016\/03\/IMG_3683-1024x683.jpg 1024w, https:\/\/meriller-vapeur.fr\/wp3\/wp-content\/uploads\/2016\/03\/IMG_3683.jpg 1200w\" sizes=\"auto, (max-width: 300px) 100vw, 300px\" \/><\/a><p id=\"caption-attachment-5541\" class=\"wp-caption-text\">Vue de la Salle&#8230;<\/p><\/div>\n<p>Comme indiqu\u00e9 dans un\u00a0<a href=\"http:\/\/meriller-vapeur.fr\/wp3\/?p=5433\">pr\u00e9c\u00e9dent article<\/a>,\u00a0Meriller-Vapeur 24 a\u00a0particip\u00e9 le dimanche 27 mars 2016 au Salon des Collectionneurs de Bergerac, organis\u00e9 par l\u2019Association du m\u00eame nom.<\/p>\n<p>Voici les photos rapport\u00e9es de cette belle manifestation qui a touch\u00e9 un public nombreux, vous les trouverez \u00a0<a href=\"http:\/\/meriller-vapeur.fr\/wp3\/?page_id=5496\">&gt;&gt;&gt;&gt;&gt;&gt;&gt;&gt;&gt; ICI!<\/a><\/p>\n<div class=\"pvc_clear\"><\/div>\n<p id=\"pvc_stats_5562\" class=\"pvc_stats all  \" data-element-id=\"5562\" style=\"\"><i class=\"pvc-stats-icon medium\" aria-hidden=\"true\"><svg aria-hidden=\"true\" focusable=\"false\" data-prefix=\"far\" data-icon=\"chart-bar\" role=\"img\" xmlns=\"http:\/\/www.w3.org\/2000\/svg\" viewBox=\"0 0 512 512\" class=\"svg-inline--fa fa-chart-bar fa-w-16 fa-2x\"><path fill=\"currentColor\" d=\"M396.8 352h22.4c6.4 0 12.8-6.4 12.8-12.8V108.8c0-6.4-6.4-12.8-12.8-12.8h-22.4c-6.4 0-12.8 6.4-12.8 12.8v230.4c0 6.4 6.4 12.8 12.8 12.8zm-192 0h22.4c6.4 0 12.8-6.4 12.8-12.8V140.8c0-6.4-6.4-12.8-12.8-12.8h-22.4c-6.4 0-12.8 6.4-12.8 12.8v198.4c0 6.4 6.4 12.8 12.8 12.8zm96 0h22.4c6.4 0 12.8-6.4 12.8-12.8V204.8c0-6.4-6.4-12.8-12.8-12.8h-22.4c-6.4 0-12.8 6.4-12.8 12.8v134.4c0 6.4 6.4 12.8 12.8 12.8zM496 400H48V80c0-8.84-7.16-16-16-16H16C7.16 64 0 71.16 0 80v336c0 17.67 14.33 32 32 32h464c8.84 0 16-7.16 16-16v-16c0-8.84-7.16-16-16-16zm-387.2-48h22.4c6.4 0 12.8-6.4 12.8-12.8v-70.4c0-6.4-6.4-12.8-12.8-12.8h-22.4c-6.4 0-12.8 6.4-12.8 12.8v70.4c0 6.4 6.4 12.8 12.8 12.8z\" class=\"\"><\/path><\/svg><\/i> <img loading=\"lazy\" decoding=\"async\" width=\"16\" height=\"16\" alt=\"Loading\" src=\"https:\/\/meriller-vapeur.fr\/wp3\/wp-content\/plugins\/page-views-count\/ajax-loader-2x.gif\" border=0 \/><\/p>\n<div class=\"pvc_clear\"><\/div>\n","protected":false},"excerpt":{"rendered":"<p>Comme indiqu\u00e9 dans un\u00a0pr\u00e9c\u00e9dent article,\u00a0Meriller-Vapeur 24 a\u00a0particip\u00e9 le dimanche 27 mars 2016 au Salon des Collectionneurs de Bergerac, organis\u00e9 par l\u2019Association du m\u00eame nom. Voici les photos rapport\u00e9es de cette belle manifestation qui a touch\u00e9 un public nombreux, vous les trouverez \u00a0&gt;&gt;&gt;&gt;&gt;&gt;&gt;&gt;&gt; ICI!<\/p>\n<div class=\"pvc_clear\"><\/div>\n<p id=\"pvc_stats_5562\" class=\"pvc_stats all  \" data-element-id=\"5562\" style=\"\"><i class=\"pvc-stats-icon medium\" aria-hidden=\"true\"><svg aria-hidden=\"true\" focusable=\"false\" data-prefix=\"far\" data-icon=\"chart-bar\" role=\"img\" xmlns=\"http:\/\/www.w3.org\/2000\/svg\" viewBox=\"0 0 512 512\" class=\"svg-inline--fa fa-chart-bar fa-w-16 fa-2x\"><path fill=\"currentColor\" d=\"M396.8 352h22.4c6.4 0 12.8-6.4 12.8-12.8V108.8c0-6.4-6.4-12.8-12.8-12.8h-22.4c-6.4 0-12.8 6.4-12.8 12.8v230.4c0 6.4 6.4 12.8 12.8 12.8zm-192 0h22.4c6.4 0 12.8-6.4 12.8-12.8V140.8c0-6.4-6.4-12.8-12.8-12.8h-22.4c-6.4 0-12.8 6.4-12.8 12.8v198.4c0 6.4 6.4 12.8 12.8 12.8zm96 0h22.4c6.4 0 12.8-6.4 12.8-12.8V204.8c0-6.4-6.4-12.8-12.8-12.8h-22.4c-6.4 0-12.8 6.4-12.8 12.8v134.4c0 6.4 6.4 12.8 12.8 12.8zM496 400H48V80c0-8.84-7.16-16-16-16H16C7.16 64 0 71.16 0 80v336c0 17.67 14.33 32 32 32h464c8.84 0 16-7.16 16-16v-16c0-8.84-7.16-16-16-16zm-387.2-48h22.4c6.4 0 12.8-6.4 12.8-12.8v-70.4c0-6.4-6.4-12.8-12.8-12.8h-22.4c-6.4 0-12.8 6.4-12.8 12.8v70.4c0 6.4 6.4 12.8 12.8 12.8z\" class=\"\"><\/path><\/svg><\/i> <img loading=\"lazy\" decoding=\"async\" width=\"16\" height=\"16\" alt=\"Loading\" src=\"https:\/\/meriller-vapeur.fr\/wp3\/wp-content\/plugins\/page-views-count\/ajax-loader-2x.gif\" border=0 \/><\/p>\n<div class=\"pvc_clear\"><\/div>\n","protected":false},"author":1,"featured_media":0,"comment_status":"open","ping_status":"open","sticky":false,"template":"","format":"image","meta":{"footnotes":""},"categories":[9,4,10],"tags":[],"class_list":["post-5562","post","type-post","status-publish","format-image","hentry","category-expositions","category-news","category-vie-du-club","post_format-post-format-image"],"a3_pvc":{"activated":true,"total_views":167,"today_views":0},"_links":{"self":[{"href":"https:\/\/meriller-vapeur.fr\/wp3\/index.php?rest_route=\/wp\/v2\/posts\/5562","targetHints":{"allow":["GET"]}}],"collection":[{"href":"https:\/\/meriller-vapeur.fr\/wp3\/index.php?rest_route=\/wp\/v2\/posts"}],"about":[{"href":"https:\/\/meriller-vapeur.fr\/wp3\/index.php?rest_route=\/wp\/v2\/types\/post"}],"author":[{"embeddable":true,"href":"https:\/\/meriller-vapeur.fr\/wp3\/index.php?rest_route=\/wp\/v2\/users\/1"}],"replies":[{"embeddable":true,"href":"https:\/\/meriller-vapeur.fr\/wp3\/index.php?rest_route=%2Fwp%2Fv2%2Fcomments&post=5562"}],"version-history":[{"count":0,"href":"https:\/\/meriller-vapeur.fr\/wp3\/index.php?rest_route=\/wp\/v2\/posts\/5562\/revisions"}],"wp:attachment":[{"href":"https:\/\/meriller-vapeur.fr\/wp3\/index.php?rest_route=%2Fwp%2Fv2%2Fmedia&parent=5562"}],"wp:term":[{"taxonomy":"category","embeddable":true,"href":"https:\/\/meriller-vapeur.fr\/wp3\/index.php?rest_route=%2Fwp%2Fv2%2Fcategories&post=5562"},{"taxonomy":"post_tag","embeddable":true,"href":"https:\/\/meriller-vapeur.fr\/wp3\/index.php?rest_route=%2Fwp%2Fv2%2Ftags&post=5562"}],"curies":[{"name":"wp","href":"https:\/\/api.w.org\/{rel}","templated":true}]}}