{"id":5433,"date":"2016-03-23T18:25:14","date_gmt":"2016-03-23T17:25:14","guid":{"rendered":"http:\/\/meriller-vapeur.fr\/wp3\/?p=5433"},"modified":"2016-03-25T13:56:38","modified_gmt":"2016-03-25T12:56:38","slug":"28eme-salon-de-la-collection-bergerac-27-mars-2016","status":"publish","type":"post","link":"https:\/\/meriller-vapeur.fr\/wp3\/?p=5433","title":{"rendered":"28\u00e8me SALON DE LA COLLECTION \u00e0 BERGERAC le dimanche 27 mars 2016"},"content":{"rendered":"<p><span style=\"text-decoration: underline;\"><strong><span style=\"color: #339966; text-decoration: underline;\">RAPPEL\u00a0: \u00a0<\/span>Meriller-Vapeur 24 sera pr\u00e9sent \u00e0 ce salon.<br \/>\n<\/strong><\/span>Avec la participation de Serge REIX et ses superbes machines \u00e0 vapeur, avec le r\u00e9seau \u201cLe Tacot\u201d et de nombreux objets de l\u2019histoire du Chemin de Fer!!!<\/p>\n<div id=\"attachment_5435\" style=\"width: 225px\" class=\"wp-caption aligncenter\"><a href=\"http:\/\/meriller-vapeur.fr\/wp3\/wp-content\/uploads\/2016\/03\/affiche-salon-bergerac-2016.jpg\" target=\"_blank\"><img loading=\"lazy\" decoding=\"async\" aria-describedby=\"caption-attachment-5435\" class=\"wp-image-5435 size-medium\" src=\"http:\/\/meriller-vapeur.fr\/wp3\/wp-content\/uploads\/2016\/03\/affiche-salon-bergerac-2016-215x300.jpg\" alt=\"affiche salon bergerac 2016\" width=\"215\" height=\"300\" srcset=\"https:\/\/meriller-vapeur.fr\/wp3\/wp-content\/uploads\/2016\/03\/affiche-salon-bergerac-2016-215x300.jpg 215w, https:\/\/meriller-vapeur.fr\/wp3\/wp-content\/uploads\/2016\/03\/affiche-salon-bergerac-2016-768x1070.jpg 768w, https:\/\/meriller-vapeur.fr\/wp3\/wp-content\/uploads\/2016\/03\/affiche-salon-bergerac-2016-735x1024.jpg 735w, https:\/\/meriller-vapeur.fr\/wp3\/wp-content\/uploads\/2016\/03\/affiche-salon-bergerac-2016.jpg 890w\" sizes=\"auto, (max-width: 215px) 100vw, 215px\" \/><\/a><p id=\"caption-attachment-5435\" class=\"wp-caption-text\">(Cliquez pour agrandir\u2026)<\/p><\/div>\n<p><strong><em>Venez<\/em> <em>NOMBREUX<\/em><\/strong>!!!!<\/p>\n<p><a href=\"http:\/\/meriller-vapeur.fr\/wp3\/wp-content\/uploads\/2016\/03\/IMG_3636-1.jpg\" target=\"_blank\"><img loading=\"lazy\" decoding=\"async\" class=\"alignleft wp-image-5439 size-medium\" src=\"http:\/\/meriller-vapeur.fr\/wp3\/wp-content\/uploads\/2016\/03\/IMG_3636-1-300x200.jpg\" alt=\"IMG_3636\" width=\"300\" height=\"200\" srcset=\"https:\/\/meriller-vapeur.fr\/wp3\/wp-content\/uploads\/2016\/03\/IMG_3636-1-300x200.jpg 300w, https:\/\/meriller-vapeur.fr\/wp3\/wp-content\/uploads\/2016\/03\/IMG_3636-1-768x512.jpg 768w, https:\/\/meriller-vapeur.fr\/wp3\/wp-content\/uploads\/2016\/03\/IMG_3636-1-1024x683.jpg 1024w\" sizes=\"auto, (max-width: 300px) 100vw, 300px\" \/><\/a>Sur cette photo, de gauche \u00e0 droite : le responsable du salon, notre pr\u00e9sident Roger M., Philippe P. et Gilbert U. charg\u00e9 de mission, qui examinent\u00a0les possibilit\u00e9s de notre participation \u00e0 cette exposition, et bien sur JPaul T derri\u00e8re l&rsquo;appareil photo.<\/p>\n<p>Et voici l\u2019affiche du salon\u00a0:<\/p>\n<p>&nbsp;<\/p>\n<p>(Cliquez les images pour agrandir\u2026)<\/p>\n<p>&nbsp;<\/p>\n<div class=\"pvc_clear\"><\/div>\n<p id=\"pvc_stats_5433\" class=\"pvc_stats all  \" data-element-id=\"5433\" style=\"\"><i class=\"pvc-stats-icon medium\" aria-hidden=\"true\"><svg aria-hidden=\"true\" focusable=\"false\" data-prefix=\"far\" data-icon=\"chart-bar\" role=\"img\" xmlns=\"http:\/\/www.w3.org\/2000\/svg\" viewBox=\"0 0 512 512\" class=\"svg-inline--fa fa-chart-bar fa-w-16 fa-2x\"><path fill=\"currentColor\" d=\"M396.8 352h22.4c6.4 0 12.8-6.4 12.8-12.8V108.8c0-6.4-6.4-12.8-12.8-12.8h-22.4c-6.4 0-12.8 6.4-12.8 12.8v230.4c0 6.4 6.4 12.8 12.8 12.8zm-192 0h22.4c6.4 0 12.8-6.4 12.8-12.8V140.8c0-6.4-6.4-12.8-12.8-12.8h-22.4c-6.4 0-12.8 6.4-12.8 12.8v198.4c0 6.4 6.4 12.8 12.8 12.8zm96 0h22.4c6.4 0 12.8-6.4 12.8-12.8V204.8c0-6.4-6.4-12.8-12.8-12.8h-22.4c-6.4 0-12.8 6.4-12.8 12.8v134.4c0 6.4 6.4 12.8 12.8 12.8zM496 400H48V80c0-8.84-7.16-16-16-16H16C7.16 64 0 71.16 0 80v336c0 17.67 14.33 32 32 32h464c8.84 0 16-7.16 16-16v-16c0-8.84-7.16-16-16-16zm-387.2-48h22.4c6.4 0 12.8-6.4 12.8-12.8v-70.4c0-6.4-6.4-12.8-12.8-12.8h-22.4c-6.4 0-12.8 6.4-12.8 12.8v70.4c0 6.4 6.4 12.8 12.8 12.8z\" class=\"\"><\/path><\/svg><\/i> <img loading=\"lazy\" decoding=\"async\" width=\"16\" height=\"16\" alt=\"Loading\" src=\"https:\/\/meriller-vapeur.fr\/wp3\/wp-content\/plugins\/page-views-count\/ajax-loader-2x.gif\" border=0 \/><\/p>\n<div class=\"pvc_clear\"><\/div>\n","protected":false},"excerpt":{"rendered":"<p>RAPPEL\u00a0: \u00a0Meriller-Vapeur 24 sera pr\u00e9sent \u00e0 ce salon. Avec la participation de Serge REIX et ses superbes machines \u00e0 vapeur, avec le r\u00e9seau \u201cLe Tacot\u201d et de nombreux objets de l\u2019histoire du Chemin de Fer!!! Venez NOMBREUX!!!! Sur cette photo, de gauche \u00e0 droite : le responsable du salon, notre pr\u00e9sident Roger M., Philippe P.\u2026 <span class=\"read-more\"><a href=\"https:\/\/meriller-vapeur.fr\/wp3\/?p=5433\">Read More &raquo;<\/a><\/span><\/p>\n<div class=\"pvc_clear\"><\/div>\n<p id=\"pvc_stats_5433\" class=\"pvc_stats all  \" data-element-id=\"5433\" style=\"\"><i class=\"pvc-stats-icon medium\" aria-hidden=\"true\"><svg aria-hidden=\"true\" focusable=\"false\" data-prefix=\"far\" data-icon=\"chart-bar\" role=\"img\" xmlns=\"http:\/\/www.w3.org\/2000\/svg\" viewBox=\"0 0 512 512\" class=\"svg-inline--fa fa-chart-bar fa-w-16 fa-2x\"><path fill=\"currentColor\" d=\"M396.8 352h22.4c6.4 0 12.8-6.4 12.8-12.8V108.8c0-6.4-6.4-12.8-12.8-12.8h-22.4c-6.4 0-12.8 6.4-12.8 12.8v230.4c0 6.4 6.4 12.8 12.8 12.8zm-192 0h22.4c6.4 0 12.8-6.4 12.8-12.8V140.8c0-6.4-6.4-12.8-12.8-12.8h-22.4c-6.4 0-12.8 6.4-12.8 12.8v198.4c0 6.4 6.4 12.8 12.8 12.8zm96 0h22.4c6.4 0 12.8-6.4 12.8-12.8V204.8c0-6.4-6.4-12.8-12.8-12.8h-22.4c-6.4 0-12.8 6.4-12.8 12.8v134.4c0 6.4 6.4 12.8 12.8 12.8zM496 400H48V80c0-8.84-7.16-16-16-16H16C7.16 64 0 71.16 0 80v336c0 17.67 14.33 32 32 32h464c8.84 0 16-7.16 16-16v-16c0-8.84-7.16-16-16-16zm-387.2-48h22.4c6.4 0 12.8-6.4 12.8-12.8v-70.4c0-6.4-6.4-12.8-12.8-12.8h-22.4c-6.4 0-12.8 6.4-12.8 12.8v70.4c0 6.4 6.4 12.8 12.8 12.8z\" class=\"\"><\/path><\/svg><\/i> <img loading=\"lazy\" decoding=\"async\" width=\"16\" height=\"16\" alt=\"Loading\" src=\"https:\/\/meriller-vapeur.fr\/wp3\/wp-content\/plugins\/page-views-count\/ajax-loader-2x.gif\" border=0 \/><\/p>\n<div class=\"pvc_clear\"><\/div>\n","protected":false},"author":1,"featured_media":0,"comment_status":"open","ping_status":"open","sticky":false,"template":"","format":"image","meta":{"footnotes":""},"categories":[9,4,10],"tags":[],"class_list":["post-5433","post","type-post","status-publish","format-image","hentry","category-expositions","category-news","category-vie-du-club","post_format-post-format-image"],"a3_pvc":{"activated":true,"total_views":370,"today_views":0},"_links":{"self":[{"href":"https:\/\/meriller-vapeur.fr\/wp3\/index.php?rest_route=\/wp\/v2\/posts\/5433","targetHints":{"allow":["GET"]}}],"collection":[{"href":"https:\/\/meriller-vapeur.fr\/wp3\/index.php?rest_route=\/wp\/v2\/posts"}],"about":[{"href":"https:\/\/meriller-vapeur.fr\/wp3\/index.php?rest_route=\/wp\/v2\/types\/post"}],"author":[{"embeddable":true,"href":"https:\/\/meriller-vapeur.fr\/wp3\/index.php?rest_route=\/wp\/v2\/users\/1"}],"replies":[{"embeddable":true,"href":"https:\/\/meriller-vapeur.fr\/wp3\/index.php?rest_route=%2Fwp%2Fv2%2Fcomments&post=5433"}],"version-history":[{"count":0,"href":"https:\/\/meriller-vapeur.fr\/wp3\/index.php?rest_route=\/wp\/v2\/posts\/5433\/revisions"}],"wp:attachment":[{"href":"https:\/\/meriller-vapeur.fr\/wp3\/index.php?rest_route=%2Fwp%2Fv2%2Fmedia&parent=5433"}],"wp:term":[{"taxonomy":"category","embeddable":true,"href":"https:\/\/meriller-vapeur.fr\/wp3\/index.php?rest_route=%2Fwp%2Fv2%2Fcategories&post=5433"},{"taxonomy":"post_tag","embeddable":true,"href":"https:\/\/meriller-vapeur.fr\/wp3\/index.php?rest_route=%2Fwp%2Fv2%2Ftags&post=5433"}],"curies":[{"name":"wp","href":"https:\/\/api.w.org\/{rel}","templated":true}]}}