{"id":4588,"date":"2015-09-07T18:00:42","date_gmt":"2015-09-07T16:00:42","guid":{"rendered":"http:\/\/meriller-vapeur.fr\/wp3\/?p=4588"},"modified":"2015-09-07T18:00:42","modified_gmt":"2015-09-07T16:00:42","slug":"bourse-de-coulounieix-complements-photographiques","status":"publish","type":"post","link":"https:\/\/meriller-vapeur.fr\/wp3\/?p=4588","title":{"rendered":"Bourse de Coulounieix, compl\u00e9ments photographiques."},"content":{"rendered":"<p><img loading=\"lazy\" decoding=\"async\" class=\"alignleft wp-image-4506 size-medium\" src=\"http:\/\/meriller-vapeur.fr\/wp3\/wp-content\/uploads\/2015\/09\/img_0776-300x200.jpg\" alt=\"img_0776\" width=\"300\" height=\"200\" srcset=\"https:\/\/meriller-vapeur.fr\/wp3\/wp-content\/uploads\/2015\/09\/img_0776-300x200.jpg 300w, https:\/\/meriller-vapeur.fr\/wp3\/wp-content\/uploads\/2015\/09\/img_0776-1024x683.jpg 1024w, https:\/\/meriller-vapeur.fr\/wp3\/wp-content\/uploads\/2015\/09\/img_0776.jpg 1200w\" sizes=\"auto, (max-width: 300px) 100vw, 300px\" \/>Voici de nouvelles photos de cet \u00e9v\u00e9nement, propos\u00e9es par notre \u201creporter b\u00e9n\u00e9vole\u201d La\u00ebtitia Villesuzanne, que nous remercions tr\u00e8s vivement pour son\u00a0remarquable travail photographique. Nous avons cependant du faire un choix, compte tenu du grand nombre de clich\u00e9s propos\u00e9s\u2026<\/p>\n<p>Bonne visite, <a href=\"http:\/\/meriller-vapeur.fr\/wp3\/?page_id=4504\">c\u2019est &gt;&gt;&gt;&gt;&gt;&gt;&gt;&gt;ICI!<\/a><\/p>\n<div class=\"pvc_clear\"><\/div>\n<p id=\"pvc_stats_4588\" class=\"pvc_stats all  \" data-element-id=\"4588\" style=\"\"><i class=\"pvc-stats-icon medium\" aria-hidden=\"true\"><svg aria-hidden=\"true\" focusable=\"false\" data-prefix=\"far\" data-icon=\"chart-bar\" role=\"img\" xmlns=\"http:\/\/www.w3.org\/2000\/svg\" viewBox=\"0 0 512 512\" class=\"svg-inline--fa fa-chart-bar fa-w-16 fa-2x\"><path fill=\"currentColor\" d=\"M396.8 352h22.4c6.4 0 12.8-6.4 12.8-12.8V108.8c0-6.4-6.4-12.8-12.8-12.8h-22.4c-6.4 0-12.8 6.4-12.8 12.8v230.4c0 6.4 6.4 12.8 12.8 12.8zm-192 0h22.4c6.4 0 12.8-6.4 12.8-12.8V140.8c0-6.4-6.4-12.8-12.8-12.8h-22.4c-6.4 0-12.8 6.4-12.8 12.8v198.4c0 6.4 6.4 12.8 12.8 12.8zm96 0h22.4c6.4 0 12.8-6.4 12.8-12.8V204.8c0-6.4-6.4-12.8-12.8-12.8h-22.4c-6.4 0-12.8 6.4-12.8 12.8v134.4c0 6.4 6.4 12.8 12.8 12.8zM496 400H48V80c0-8.84-7.16-16-16-16H16C7.16 64 0 71.16 0 80v336c0 17.67 14.33 32 32 32h464c8.84 0 16-7.16 16-16v-16c0-8.84-7.16-16-16-16zm-387.2-48h22.4c6.4 0 12.8-6.4 12.8-12.8v-70.4c0-6.4-6.4-12.8-12.8-12.8h-22.4c-6.4 0-12.8 6.4-12.8 12.8v70.4c0 6.4 6.4 12.8 12.8 12.8z\" class=\"\"><\/path><\/svg><\/i> <img loading=\"lazy\" decoding=\"async\" width=\"16\" height=\"16\" alt=\"Loading\" src=\"https:\/\/meriller-vapeur.fr\/wp3\/wp-content\/plugins\/page-views-count\/ajax-loader-2x.gif\" border=0 \/><\/p>\n<div class=\"pvc_clear\"><\/div>\n","protected":false},"excerpt":{"rendered":"<p>Voici de nouvelles photos de cet \u00e9v\u00e9nement, propos\u00e9es par notre \u201creporter b\u00e9n\u00e9vole\u201d La\u00ebtitia Villesuzanne, que nous remercions tr\u00e8s vivement pour son\u00a0remarquable travail photographique. Nous avons cependant du faire un choix, compte tenu du grand nombre de clich\u00e9s propos\u00e9s\u2026 Bonne visite, c\u2019est &gt;&gt;&gt;&gt;&gt;&gt;&gt;&gt;ICI!<\/p>\n<div class=\"pvc_clear\"><\/div>\n<p id=\"pvc_stats_4588\" class=\"pvc_stats all  \" data-element-id=\"4588\" style=\"\"><i class=\"pvc-stats-icon medium\" aria-hidden=\"true\"><svg aria-hidden=\"true\" focusable=\"false\" data-prefix=\"far\" data-icon=\"chart-bar\" role=\"img\" xmlns=\"http:\/\/www.w3.org\/2000\/svg\" viewBox=\"0 0 512 512\" class=\"svg-inline--fa fa-chart-bar fa-w-16 fa-2x\"><path fill=\"currentColor\" d=\"M396.8 352h22.4c6.4 0 12.8-6.4 12.8-12.8V108.8c0-6.4-6.4-12.8-12.8-12.8h-22.4c-6.4 0-12.8 6.4-12.8 12.8v230.4c0 6.4 6.4 12.8 12.8 12.8zm-192 0h22.4c6.4 0 12.8-6.4 12.8-12.8V140.8c0-6.4-6.4-12.8-12.8-12.8h-22.4c-6.4 0-12.8 6.4-12.8 12.8v198.4c0 6.4 6.4 12.8 12.8 12.8zm96 0h22.4c6.4 0 12.8-6.4 12.8-12.8V204.8c0-6.4-6.4-12.8-12.8-12.8h-22.4c-6.4 0-12.8 6.4-12.8 12.8v134.4c0 6.4 6.4 12.8 12.8 12.8zM496 400H48V80c0-8.84-7.16-16-16-16H16C7.16 64 0 71.16 0 80v336c0 17.67 14.33 32 32 32h464c8.84 0 16-7.16 16-16v-16c0-8.84-7.16-16-16-16zm-387.2-48h22.4c6.4 0 12.8-6.4 12.8-12.8v-70.4c0-6.4-6.4-12.8-12.8-12.8h-22.4c-6.4 0-12.8 6.4-12.8 12.8v70.4c0 6.4 6.4 12.8 12.8 12.8z\" class=\"\"><\/path><\/svg><\/i> <img loading=\"lazy\" decoding=\"async\" width=\"16\" height=\"16\" alt=\"Loading\" src=\"https:\/\/meriller-vapeur.fr\/wp3\/wp-content\/plugins\/page-views-count\/ajax-loader-2x.gif\" border=0 \/><\/p>\n<div class=\"pvc_clear\"><\/div>\n","protected":false},"author":1,"featured_media":0,"comment_status":"open","ping_status":"open","sticky":false,"template":"","format":"standard","meta":{"footnotes":""},"categories":[9,4,31,29,10],"tags":[],"class_list":["post-4588","post","type-post","status-publish","format-standard","hentry","category-expositions","category-news","category-patrimoine-ferroviaire","category-presse","category-vie-du-club"],"a3_pvc":{"activated":true,"total_views":325,"today_views":0},"_links":{"self":[{"href":"https:\/\/meriller-vapeur.fr\/wp3\/index.php?rest_route=\/wp\/v2\/posts\/4588","targetHints":{"allow":["GET"]}}],"collection":[{"href":"https:\/\/meriller-vapeur.fr\/wp3\/index.php?rest_route=\/wp\/v2\/posts"}],"about":[{"href":"https:\/\/meriller-vapeur.fr\/wp3\/index.php?rest_route=\/wp\/v2\/types\/post"}],"author":[{"embeddable":true,"href":"https:\/\/meriller-vapeur.fr\/wp3\/index.php?rest_route=\/wp\/v2\/users\/1"}],"replies":[{"embeddable":true,"href":"https:\/\/meriller-vapeur.fr\/wp3\/index.php?rest_route=%2Fwp%2Fv2%2Fcomments&post=4588"}],"version-history":[{"count":0,"href":"https:\/\/meriller-vapeur.fr\/wp3\/index.php?rest_route=\/wp\/v2\/posts\/4588\/revisions"}],"wp:attachment":[{"href":"https:\/\/meriller-vapeur.fr\/wp3\/index.php?rest_route=%2Fwp%2Fv2%2Fmedia&parent=4588"}],"wp:term":[{"taxonomy":"category","embeddable":true,"href":"https:\/\/meriller-vapeur.fr\/wp3\/index.php?rest_route=%2Fwp%2Fv2%2Fcategories&post=4588"},{"taxonomy":"post_tag","embeddable":true,"href":"https:\/\/meriller-vapeur.fr\/wp3\/index.php?rest_route=%2Fwp%2Fv2%2Ftags&post=4588"}],"curies":[{"name":"wp","href":"https:\/\/api.w.org\/{rel}","templated":true}]}}