{"id":3757,"date":"2015-04-12T12:09:16","date_gmt":"2015-04-12T10:09:16","guid":{"rendered":"http:\/\/meriller-vapeur.fr\/wp3\/?p=3757"},"modified":"2015-04-13T12:30:01","modified_gmt":"2015-04-13T10:30:01","slug":"maison-de-retraite-residence-d-automne-notre-dame-de-sanilhac","status":"publish","type":"post","link":"https:\/\/meriller-vapeur.fr\/wp3\/?p=3757","title":{"rendered":"Maison de retraite \u00ab\u00a0RESIDENCE D AUTOMNE\u00a0\u00bb Notre Dame de Sanilhac."},"content":{"rendered":"<header class=\"entry-header\">\n<h1 class=\"entry-title\"><\/h1>\n<\/header>\n<div class=\"entry-content\">\n<p><a title=\"Maison de retraite  \u00ab\u00a0RESIDENCE D AUTOMNE\u00a0\u00bb Notre Dame de Sanilhac.\" href=\"http:\/\/meriller-vapeur.fr\/wp3\/?page_id=3740\"><img loading=\"lazy\" decoding=\"async\" class=\"alignleft size-medium wp-image-3741\" src=\"http:\/\/meriller-vapeur.fr\/wp3\/wp-content\/uploads\/2015\/04\/2015-04-08-16.45.49-300x200.jpg\" alt=\"2015-04-08 16.45.49\" width=\"300\" height=\"200\" srcset=\"https:\/\/meriller-vapeur.fr\/wp3\/wp-content\/uploads\/2015\/04\/2015-04-08-16.45.49-300x200.jpg 300w, https:\/\/meriller-vapeur.fr\/wp3\/wp-content\/uploads\/2015\/04\/2015-04-08-16.45.49-1024x683.jpg 1024w, https:\/\/meriller-vapeur.fr\/wp3\/wp-content\/uploads\/2015\/04\/2015-04-08-16.45.49.jpg 1200w\" sizes=\"auto, (max-width: 300px) 100vw, 300px\" \/><\/a>Comme les ann\u00e9es pr\u00e9c\u00e9dentes, cette exposition permet de procurer une animation aupr\u00e8s des Personnes \u00e2g\u00e9es de l\u2019\u00e9tablissement.<\/p>\n<p><em>Mise \u00e0 jour du\u00a013\/04\/2015\u00a0:<br \/>\n<\/em>Les photos prises durant l\u2019exposition elle-m\u00eame.<br \/>\nNous avons re\u00e7u un accueil tr\u00e8s chaleureux de\u00a0la part de la responsable Sabyne VEZIN et de ses adjointes, elles nous adressent leurs\u00a0remerciements pour\u00a0notre tr\u00e8s bonne prestation. A notre tour de les remercier!<br \/>\nLe Directeur de l\u2019 Etablissement a \u00e9galement manifest\u00e9 un tr\u00e8s vif int\u00e9r\u00eat pour le R\u00e9seau expos\u00e9.<br \/>\nApr\u00e8s l&rsquo;animation : le rangement et retour au club . On en profite\u00a0pour dire MERCI aux BOSSEURS!!!<\/p>\n<p>La suite est &gt;&gt;&gt;&gt;&gt;&gt;&gt;&gt;&gt;<a title=\"Maison de retraite  \u00ab\u00a0RESIDENCE D AUTOMNE\u00a0\u00bb Notre Dame de Sanilhac.\" href=\"http:\/\/meriller-vapeur.fr\/wp3\/?page_id=3740\">\u00a0ICI <\/a><\/p>\n<\/div>\n<div class=\"pvc_clear\"><\/div>\n<p id=\"pvc_stats_3757\" class=\"pvc_stats all  \" data-element-id=\"3757\" style=\"\"><i class=\"pvc-stats-icon medium\" aria-hidden=\"true\"><svg aria-hidden=\"true\" focusable=\"false\" data-prefix=\"far\" data-icon=\"chart-bar\" role=\"img\" xmlns=\"http:\/\/www.w3.org\/2000\/svg\" viewBox=\"0 0 512 512\" class=\"svg-inline--fa fa-chart-bar fa-w-16 fa-2x\"><path fill=\"currentColor\" d=\"M396.8 352h22.4c6.4 0 12.8-6.4 12.8-12.8V108.8c0-6.4-6.4-12.8-12.8-12.8h-22.4c-6.4 0-12.8 6.4-12.8 12.8v230.4c0 6.4 6.4 12.8 12.8 12.8zm-192 0h22.4c6.4 0 12.8-6.4 12.8-12.8V140.8c0-6.4-6.4-12.8-12.8-12.8h-22.4c-6.4 0-12.8 6.4-12.8 12.8v198.4c0 6.4 6.4 12.8 12.8 12.8zm96 0h22.4c6.4 0 12.8-6.4 12.8-12.8V204.8c0-6.4-6.4-12.8-12.8-12.8h-22.4c-6.4 0-12.8 6.4-12.8 12.8v134.4c0 6.4 6.4 12.8 12.8 12.8zM496 400H48V80c0-8.84-7.16-16-16-16H16C7.16 64 0 71.16 0 80v336c0 17.67 14.33 32 32 32h464c8.84 0 16-7.16 16-16v-16c0-8.84-7.16-16-16-16zm-387.2-48h22.4c6.4 0 12.8-6.4 12.8-12.8v-70.4c0-6.4-6.4-12.8-12.8-12.8h-22.4c-6.4 0-12.8 6.4-12.8 12.8v70.4c0 6.4 6.4 12.8 12.8 12.8z\" class=\"\"><\/path><\/svg><\/i> <img loading=\"lazy\" decoding=\"async\" width=\"16\" height=\"16\" alt=\"Loading\" src=\"https:\/\/meriller-vapeur.fr\/wp3\/wp-content\/plugins\/page-views-count\/ajax-loader-2x.gif\" border=0 \/><\/p>\n<div class=\"pvc_clear\"><\/div>\n","protected":false},"excerpt":{"rendered":"<p>Comme les ann\u00e9es pr\u00e9c\u00e9dentes, cette exposition permet de procurer une animation aupr\u00e8s des Personnes \u00e2g\u00e9es de l\u2019\u00e9tablissement. Mise \u00e0 jour du\u00a013\/04\/2015\u00a0: Les photos prises durant l\u2019exposition elle-m\u00eame. Nous avons re\u00e7u un accueil tr\u00e8s chaleureux de\u00a0la part de la responsable Sabyne VEZIN et de ses adjointes, elles nous adressent leurs\u00a0remerciements pour\u00a0notre tr\u00e8s bonne prestation. A notre\u2026 <span class=\"read-more\"><a href=\"https:\/\/meriller-vapeur.fr\/wp3\/?p=3757\">Read More &raquo;<\/a><\/span><\/p>\n<div class=\"pvc_clear\"><\/div>\n<p id=\"pvc_stats_3757\" class=\"pvc_stats all  \" data-element-id=\"3757\" style=\"\"><i class=\"pvc-stats-icon medium\" aria-hidden=\"true\"><svg aria-hidden=\"true\" focusable=\"false\" data-prefix=\"far\" data-icon=\"chart-bar\" role=\"img\" xmlns=\"http:\/\/www.w3.org\/2000\/svg\" viewBox=\"0 0 512 512\" class=\"svg-inline--fa fa-chart-bar fa-w-16 fa-2x\"><path fill=\"currentColor\" d=\"M396.8 352h22.4c6.4 0 12.8-6.4 12.8-12.8V108.8c0-6.4-6.4-12.8-12.8-12.8h-22.4c-6.4 0-12.8 6.4-12.8 12.8v230.4c0 6.4 6.4 12.8 12.8 12.8zm-192 0h22.4c6.4 0 12.8-6.4 12.8-12.8V140.8c0-6.4-6.4-12.8-12.8-12.8h-22.4c-6.4 0-12.8 6.4-12.8 12.8v198.4c0 6.4 6.4 12.8 12.8 12.8zm96 0h22.4c6.4 0 12.8-6.4 12.8-12.8V204.8c0-6.4-6.4-12.8-12.8-12.8h-22.4c-6.4 0-12.8 6.4-12.8 12.8v134.4c0 6.4 6.4 12.8 12.8 12.8zM496 400H48V80c0-8.84-7.16-16-16-16H16C7.16 64 0 71.16 0 80v336c0 17.67 14.33 32 32 32h464c8.84 0 16-7.16 16-16v-16c0-8.84-7.16-16-16-16zm-387.2-48h22.4c6.4 0 12.8-6.4 12.8-12.8v-70.4c0-6.4-6.4-12.8-12.8-12.8h-22.4c-6.4 0-12.8 6.4-12.8 12.8v70.4c0 6.4 6.4 12.8 12.8 12.8z\" class=\"\"><\/path><\/svg><\/i> <img loading=\"lazy\" decoding=\"async\" width=\"16\" height=\"16\" alt=\"Loading\" src=\"https:\/\/meriller-vapeur.fr\/wp3\/wp-content\/plugins\/page-views-count\/ajax-loader-2x.gif\" border=0 \/><\/p>\n<div class=\"pvc_clear\"><\/div>\n","protected":false},"author":1,"featured_media":0,"comment_status":"open","ping_status":"open","sticky":false,"template":"","format":"standard","meta":{"footnotes":""},"categories":[9,10],"tags":[],"class_list":["post-3757","post","type-post","status-publish","format-standard","hentry","category-expositions","category-vie-du-club"],"a3_pvc":{"activated":true,"total_views":324,"today_views":0},"_links":{"self":[{"href":"https:\/\/meriller-vapeur.fr\/wp3\/index.php?rest_route=\/wp\/v2\/posts\/3757","targetHints":{"allow":["GET"]}}],"collection":[{"href":"https:\/\/meriller-vapeur.fr\/wp3\/index.php?rest_route=\/wp\/v2\/posts"}],"about":[{"href":"https:\/\/meriller-vapeur.fr\/wp3\/index.php?rest_route=\/wp\/v2\/types\/post"}],"author":[{"embeddable":true,"href":"https:\/\/meriller-vapeur.fr\/wp3\/index.php?rest_route=\/wp\/v2\/users\/1"}],"replies":[{"embeddable":true,"href":"https:\/\/meriller-vapeur.fr\/wp3\/index.php?rest_route=%2Fwp%2Fv2%2Fcomments&post=3757"}],"version-history":[{"count":0,"href":"https:\/\/meriller-vapeur.fr\/wp3\/index.php?rest_route=\/wp\/v2\/posts\/3757\/revisions"}],"wp:attachment":[{"href":"https:\/\/meriller-vapeur.fr\/wp3\/index.php?rest_route=%2Fwp%2Fv2%2Fmedia&parent=3757"}],"wp:term":[{"taxonomy":"category","embeddable":true,"href":"https:\/\/meriller-vapeur.fr\/wp3\/index.php?rest_route=%2Fwp%2Fv2%2Fcategories&post=3757"},{"taxonomy":"post_tag","embeddable":true,"href":"https:\/\/meriller-vapeur.fr\/wp3\/index.php?rest_route=%2Fwp%2Fv2%2Ftags&post=3757"}],"curies":[{"name":"wp","href":"https:\/\/api.w.org\/{rel}","templated":true}]}}