{"id":3638,"date":"2015-02-26T14:45:02","date_gmt":"2015-02-26T13:45:02","guid":{"rendered":"http:\/\/meriller-vapeur.fr\/wp3\/?p=3638"},"modified":"2015-02-26T14:50:15","modified_gmt":"2015-02-26T13:50:15","slug":"regiolis","status":"publish","type":"post","link":"https:\/\/meriller-vapeur.fr\/wp3\/?p=3638","title":{"rendered":"Regiolis"},"content":{"rendered":"<p><strong><em><a href=\"http:\/\/meriller-vapeur.fr\/wp3\/wp-content\/uploads\/2015\/02\/regiolis.jpg\"><img loading=\"lazy\" decoding=\"async\" class=\"alignleft size-medium wp-image-3635\" src=\"http:\/\/meriller-vapeur.fr\/wp3\/wp-content\/uploads\/2015\/02\/regiolis-300x200.jpg\" alt=\"regiolis\" width=\"300\" height=\"200\" srcset=\"https:\/\/meriller-vapeur.fr\/wp3\/wp-content\/uploads\/2015\/02\/regiolis-300x200.jpg 300w, https:\/\/meriller-vapeur.fr\/wp3\/wp-content\/uploads\/2015\/02\/regiolis.jpg 670w\" sizes=\"auto, (max-width: 300px) 100vw, 300px\" \/><\/a>Les nouvelles rames Alstom de type R\u00e9giolis entrant progressivement en service commercial partons \u00e0 la d\u00e9couverte de ce nouveau mat\u00e9riel qui va pousser vers la sortie de nombreuses rames tract\u00e9es de voitures Corail, tant sur les trains r\u00e9gionaux que sur les relations Intercit\u00e9s.<\/em><\/strong><\/p>\n<p>Nous avons re\u00e7u (Merci Alain H.) un int\u00e9ressant dossier de Presse concernant PACA que nous mettons en ligne ici &gt;&gt;&gt;&gt;\u00a0<a href=\"http:\/\/meriller-vapeur.fr\/wp3\/wp-content\/uploads\/2015\/02\/068CJ-R\u00e9giolis-presse-Arles-red.pdf\" target=\"_blank\">068CJ &#8211; R\u00e9giolis presse Arles red<\/a><\/p>\n<p>Vous pouvez\u00a0\u00a0\u00e9galement consulter le site int\u00e9ressant de\u00a0<a title=\"REPORTAGE REGIOLIS\" href=\"http:\/\/www.connaissance-du-rail.com\/reportages-et-photos\/a-la-d\u00e9couverte-du-r\u00e9giolis\/\" target=\"_blank\">CONNAISSANCE du RAIL<\/a>.<\/p>\n<p>Enfin, d&rsquo;autres infos ici\u00a0:\u00a0<a title=\"Transportrail.com\" href=\"http:\/\/transportrail.canalblog.com\/pages\/la%2Dfamille%2Dregiolis\/31267422.html\" target=\"_blank\">transportrail.canalblog.com<\/a><\/p>\n<p>Bonne lecture, et \u00e0 vos appareils pour capturer les passages de ces nouvelles rames en Dordogne!<\/p>\n<div class=\"pvc_clear\"><\/div>\n<p id=\"pvc_stats_3638\" class=\"pvc_stats all  \" data-element-id=\"3638\" style=\"\"><i class=\"pvc-stats-icon medium\" aria-hidden=\"true\"><svg aria-hidden=\"true\" focusable=\"false\" data-prefix=\"far\" data-icon=\"chart-bar\" role=\"img\" xmlns=\"http:\/\/www.w3.org\/2000\/svg\" viewBox=\"0 0 512 512\" class=\"svg-inline--fa fa-chart-bar fa-w-16 fa-2x\"><path fill=\"currentColor\" d=\"M396.8 352h22.4c6.4 0 12.8-6.4 12.8-12.8V108.8c0-6.4-6.4-12.8-12.8-12.8h-22.4c-6.4 0-12.8 6.4-12.8 12.8v230.4c0 6.4 6.4 12.8 12.8 12.8zm-192 0h22.4c6.4 0 12.8-6.4 12.8-12.8V140.8c0-6.4-6.4-12.8-12.8-12.8h-22.4c-6.4 0-12.8 6.4-12.8 12.8v198.4c0 6.4 6.4 12.8 12.8 12.8zm96 0h22.4c6.4 0 12.8-6.4 12.8-12.8V204.8c0-6.4-6.4-12.8-12.8-12.8h-22.4c-6.4 0-12.8 6.4-12.8 12.8v134.4c0 6.4 6.4 12.8 12.8 12.8zM496 400H48V80c0-8.84-7.16-16-16-16H16C7.16 64 0 71.16 0 80v336c0 17.67 14.33 32 32 32h464c8.84 0 16-7.16 16-16v-16c0-8.84-7.16-16-16-16zm-387.2-48h22.4c6.4 0 12.8-6.4 12.8-12.8v-70.4c0-6.4-6.4-12.8-12.8-12.8h-22.4c-6.4 0-12.8 6.4-12.8 12.8v70.4c0 6.4 6.4 12.8 12.8 12.8z\" class=\"\"><\/path><\/svg><\/i> <img loading=\"lazy\" decoding=\"async\" width=\"16\" height=\"16\" alt=\"Loading\" src=\"https:\/\/meriller-vapeur.fr\/wp3\/wp-content\/plugins\/page-views-count\/ajax-loader-2x.gif\" border=0 \/><\/p>\n<div class=\"pvc_clear\"><\/div>\n","protected":false},"excerpt":{"rendered":"<p>Les nouvelles rames Alstom de type R\u00e9giolis entrant progressivement en service commercial partons \u00e0 la d\u00e9couverte de ce nouveau mat\u00e9riel qui va pousser vers la sortie de nombreuses rames tract\u00e9es de voitures Corail, tant sur les trains r\u00e9gionaux que sur les relations Intercit\u00e9s. Nous avons re\u00e7u (Merci Alain H.) un int\u00e9ressant dossier de Presse concernant\u2026 <span class=\"read-more\"><a href=\"https:\/\/meriller-vapeur.fr\/wp3\/?p=3638\">Read More &raquo;<\/a><\/span><\/p>\n<div class=\"pvc_clear\"><\/div>\n<p id=\"pvc_stats_3638\" class=\"pvc_stats all  \" data-element-id=\"3638\" style=\"\"><i class=\"pvc-stats-icon medium\" aria-hidden=\"true\"><svg aria-hidden=\"true\" focusable=\"false\" data-prefix=\"far\" data-icon=\"chart-bar\" role=\"img\" xmlns=\"http:\/\/www.w3.org\/2000\/svg\" viewBox=\"0 0 512 512\" class=\"svg-inline--fa fa-chart-bar fa-w-16 fa-2x\"><path fill=\"currentColor\" d=\"M396.8 352h22.4c6.4 0 12.8-6.4 12.8-12.8V108.8c0-6.4-6.4-12.8-12.8-12.8h-22.4c-6.4 0-12.8 6.4-12.8 12.8v230.4c0 6.4 6.4 12.8 12.8 12.8zm-192 0h22.4c6.4 0 12.8-6.4 12.8-12.8V140.8c0-6.4-6.4-12.8-12.8-12.8h-22.4c-6.4 0-12.8 6.4-12.8 12.8v198.4c0 6.4 6.4 12.8 12.8 12.8zm96 0h22.4c6.4 0 12.8-6.4 12.8-12.8V204.8c0-6.4-6.4-12.8-12.8-12.8h-22.4c-6.4 0-12.8 6.4-12.8 12.8v134.4c0 6.4 6.4 12.8 12.8 12.8zM496 400H48V80c0-8.84-7.16-16-16-16H16C7.16 64 0 71.16 0 80v336c0 17.67 14.33 32 32 32h464c8.84 0 16-7.16 16-16v-16c0-8.84-7.16-16-16-16zm-387.2-48h22.4c6.4 0 12.8-6.4 12.8-12.8v-70.4c0-6.4-6.4-12.8-12.8-12.8h-22.4c-6.4 0-12.8 6.4-12.8 12.8v70.4c0 6.4 6.4 12.8 12.8 12.8z\" class=\"\"><\/path><\/svg><\/i> <img loading=\"lazy\" decoding=\"async\" width=\"16\" height=\"16\" alt=\"Loading\" src=\"https:\/\/meriller-vapeur.fr\/wp3\/wp-content\/plugins\/page-views-count\/ajax-loader-2x.gif\" border=0 \/><\/p>\n<div class=\"pvc_clear\"><\/div>\n","protected":false},"author":1,"featured_media":0,"comment_status":"open","ping_status":"open","sticky":false,"template":"","format":"standard","meta":{"footnotes":""},"categories":[6,4,31,29],"tags":[],"class_list":["post-3638","post","type-post","status-publish","format-standard","hentry","category-doc-ferroviaire","category-news","category-patrimoine-ferroviaire","category-presse"],"a3_pvc":{"activated":true,"total_views":776,"today_views":0},"_links":{"self":[{"href":"https:\/\/meriller-vapeur.fr\/wp3\/index.php?rest_route=\/wp\/v2\/posts\/3638","targetHints":{"allow":["GET"]}}],"collection":[{"href":"https:\/\/meriller-vapeur.fr\/wp3\/index.php?rest_route=\/wp\/v2\/posts"}],"about":[{"href":"https:\/\/meriller-vapeur.fr\/wp3\/index.php?rest_route=\/wp\/v2\/types\/post"}],"author":[{"embeddable":true,"href":"https:\/\/meriller-vapeur.fr\/wp3\/index.php?rest_route=\/wp\/v2\/users\/1"}],"replies":[{"embeddable":true,"href":"https:\/\/meriller-vapeur.fr\/wp3\/index.php?rest_route=%2Fwp%2Fv2%2Fcomments&post=3638"}],"version-history":[{"count":0,"href":"https:\/\/meriller-vapeur.fr\/wp3\/index.php?rest_route=\/wp\/v2\/posts\/3638\/revisions"}],"wp:attachment":[{"href":"https:\/\/meriller-vapeur.fr\/wp3\/index.php?rest_route=%2Fwp%2Fv2%2Fmedia&parent=3638"}],"wp:term":[{"taxonomy":"category","embeddable":true,"href":"https:\/\/meriller-vapeur.fr\/wp3\/index.php?rest_route=%2Fwp%2Fv2%2Fcategories&post=3638"},{"taxonomy":"post_tag","embeddable":true,"href":"https:\/\/meriller-vapeur.fr\/wp3\/index.php?rest_route=%2Fwp%2Fv2%2Ftags&post=3638"}],"curies":[{"name":"wp","href":"https:\/\/api.w.org\/{rel}","templated":true}]}}