{"id":3438,"date":"2014-12-21T09:17:32","date_gmt":"2014-12-21T08:17:32","guid":{"rendered":"http:\/\/meriller-vapeur.fr\/wp3\/?p=3438"},"modified":"2014-12-22T23:05:00","modified_gmt":"2014-12-22T22:05:00","slug":"petites-annonces","status":"publish","type":"post","link":"https:\/\/meriller-vapeur.fr\/wp3\/?p=3438","title":{"rendered":"Petites annonces&#8230;"},"content":{"rendered":"<p><a href=\"http:\/\/meriller-vapeur.fr\/wp3\/wp-content\/uploads\/2014\/12\/2010-07-15-03.30.52.jpg\" target=\"_blank\"><img loading=\"lazy\" decoding=\"async\" class=\"alignleft wp-image-3439 size-medium\" src=\"http:\/\/meriller-vapeur.fr\/wp3\/wp-content\/uploads\/2014\/12\/2010-07-15-03.30.52-103x300.jpg\" alt=\"2010-07-15 03.30.52\" width=\"103\" height=\"300\" srcset=\"https:\/\/meriller-vapeur.fr\/wp3\/wp-content\/uploads\/2014\/12\/2010-07-15-03.30.52-103x300.jpg 103w, https:\/\/meriller-vapeur.fr\/wp3\/wp-content\/uploads\/2014\/12\/2010-07-15-03.30.52-351x1024.jpg 351w, https:\/\/meriller-vapeur.fr\/wp3\/wp-content\/uploads\/2014\/12\/2010-07-15-03.30.52.jpg 645w\" sizes=\"auto, (max-width: 103px) 100vw, 103px\" \/><\/a>Un de nos membres propose une VITRINE type magasin de luxe pour objets de COLLECTION (trains, voitures, bibelots etc&#8230;) fermant \u00e0 cl\u00e9 :<\/p>\n<p>Les\u00a0dimensions en sont\u00a0: \u00a0hauteur 1,90 m. prof. 50 cm. \u00a0larg. 50 cm.<br \/>\nCette vitrine qui valait\u00a0neuve 255\u20ac (en promo) est propos\u00e9e au prix\u00a0de 80\u20ac.<\/p>\n<p>Pour tous renseignements, <a title=\"Contacts.\" href=\"http:\/\/meriller-vapeur.fr\/wp3\/?page_id=73\">\u00e9crire au site\u00a0Meriller-Vapeur 24<\/a><em> (en indiquant vos coordonn\u00e9es t\u00e9l\u00e9phoniques) <\/em>qui transmettra.<\/p>\n<div class=\"pvc_clear\"><\/div>\n<p id=\"pvc_stats_3438\" class=\"pvc_stats all  \" data-element-id=\"3438\" style=\"\"><i class=\"pvc-stats-icon medium\" aria-hidden=\"true\"><svg aria-hidden=\"true\" focusable=\"false\" data-prefix=\"far\" data-icon=\"chart-bar\" role=\"img\" xmlns=\"http:\/\/www.w3.org\/2000\/svg\" viewBox=\"0 0 512 512\" class=\"svg-inline--fa fa-chart-bar fa-w-16 fa-2x\"><path fill=\"currentColor\" d=\"M396.8 352h22.4c6.4 0 12.8-6.4 12.8-12.8V108.8c0-6.4-6.4-12.8-12.8-12.8h-22.4c-6.4 0-12.8 6.4-12.8 12.8v230.4c0 6.4 6.4 12.8 12.8 12.8zm-192 0h22.4c6.4 0 12.8-6.4 12.8-12.8V140.8c0-6.4-6.4-12.8-12.8-12.8h-22.4c-6.4 0-12.8 6.4-12.8 12.8v198.4c0 6.4 6.4 12.8 12.8 12.8zm96 0h22.4c6.4 0 12.8-6.4 12.8-12.8V204.8c0-6.4-6.4-12.8-12.8-12.8h-22.4c-6.4 0-12.8 6.4-12.8 12.8v134.4c0 6.4 6.4 12.8 12.8 12.8zM496 400H48V80c0-8.84-7.16-16-16-16H16C7.16 64 0 71.16 0 80v336c0 17.67 14.33 32 32 32h464c8.84 0 16-7.16 16-16v-16c0-8.84-7.16-16-16-16zm-387.2-48h22.4c6.4 0 12.8-6.4 12.8-12.8v-70.4c0-6.4-6.4-12.8-12.8-12.8h-22.4c-6.4 0-12.8 6.4-12.8 12.8v70.4c0 6.4 6.4 12.8 12.8 12.8z\" class=\"\"><\/path><\/svg><\/i> <img loading=\"lazy\" decoding=\"async\" width=\"16\" height=\"16\" alt=\"Loading\" src=\"https:\/\/meriller-vapeur.fr\/wp3\/wp-content\/plugins\/page-views-count\/ajax-loader-2x.gif\" border=0 \/><\/p>\n<div class=\"pvc_clear\"><\/div>\n","protected":false},"excerpt":{"rendered":"<p>Un de nos membres propose une VITRINE type magasin de luxe pour objets de COLLECTION (trains, voitures, bibelots etc&#8230;) fermant \u00e0 cl\u00e9 : Les\u00a0dimensions en sont\u00a0: \u00a0hauteur 1,90 m. prof. 50 cm. \u00a0larg. 50 cm. Cette vitrine qui valait\u00a0neuve 255\u20ac (en promo) est propos\u00e9e au prix\u00a0de 80\u20ac. Pour tous renseignements, \u00e9crire au site\u00a0Meriller-Vapeur 24 (en\u2026 <span class=\"read-more\"><a href=\"https:\/\/meriller-vapeur.fr\/wp3\/?p=3438\">Read More &raquo;<\/a><\/span><\/p>\n<div class=\"pvc_clear\"><\/div>\n<p id=\"pvc_stats_3438\" class=\"pvc_stats all  \" data-element-id=\"3438\" style=\"\"><i class=\"pvc-stats-icon medium\" aria-hidden=\"true\"><svg aria-hidden=\"true\" focusable=\"false\" data-prefix=\"far\" data-icon=\"chart-bar\" role=\"img\" xmlns=\"http:\/\/www.w3.org\/2000\/svg\" viewBox=\"0 0 512 512\" class=\"svg-inline--fa fa-chart-bar fa-w-16 fa-2x\"><path fill=\"currentColor\" d=\"M396.8 352h22.4c6.4 0 12.8-6.4 12.8-12.8V108.8c0-6.4-6.4-12.8-12.8-12.8h-22.4c-6.4 0-12.8 6.4-12.8 12.8v230.4c0 6.4 6.4 12.8 12.8 12.8zm-192 0h22.4c6.4 0 12.8-6.4 12.8-12.8V140.8c0-6.4-6.4-12.8-12.8-12.8h-22.4c-6.4 0-12.8 6.4-12.8 12.8v198.4c0 6.4 6.4 12.8 12.8 12.8zm96 0h22.4c6.4 0 12.8-6.4 12.8-12.8V204.8c0-6.4-6.4-12.8-12.8-12.8h-22.4c-6.4 0-12.8 6.4-12.8 12.8v134.4c0 6.4 6.4 12.8 12.8 12.8zM496 400H48V80c0-8.84-7.16-16-16-16H16C7.16 64 0 71.16 0 80v336c0 17.67 14.33 32 32 32h464c8.84 0 16-7.16 16-16v-16c0-8.84-7.16-16-16-16zm-387.2-48h22.4c6.4 0 12.8-6.4 12.8-12.8v-70.4c0-6.4-6.4-12.8-12.8-12.8h-22.4c-6.4 0-12.8 6.4-12.8 12.8v70.4c0 6.4 6.4 12.8 12.8 12.8z\" class=\"\"><\/path><\/svg><\/i> <img loading=\"lazy\" decoding=\"async\" width=\"16\" height=\"16\" alt=\"Loading\" src=\"https:\/\/meriller-vapeur.fr\/wp3\/wp-content\/plugins\/page-views-count\/ajax-loader-2x.gif\" border=0 \/><\/p>\n<div class=\"pvc_clear\"><\/div>\n","protected":false},"author":1,"featured_media":0,"comment_status":"open","ping_status":"open","sticky":false,"template":"","format":"image","meta":{"footnotes":""},"categories":[38,10],"tags":[],"class_list":["post-3438","post","type-post","status-publish","format-image","hentry","category-reseaux-des-membres","category-vie-du-club","post_format-post-format-image"],"a3_pvc":{"activated":true,"total_views":198,"today_views":0},"_links":{"self":[{"href":"https:\/\/meriller-vapeur.fr\/wp3\/index.php?rest_route=\/wp\/v2\/posts\/3438","targetHints":{"allow":["GET"]}}],"collection":[{"href":"https:\/\/meriller-vapeur.fr\/wp3\/index.php?rest_route=\/wp\/v2\/posts"}],"about":[{"href":"https:\/\/meriller-vapeur.fr\/wp3\/index.php?rest_route=\/wp\/v2\/types\/post"}],"author":[{"embeddable":true,"href":"https:\/\/meriller-vapeur.fr\/wp3\/index.php?rest_route=\/wp\/v2\/users\/1"}],"replies":[{"embeddable":true,"href":"https:\/\/meriller-vapeur.fr\/wp3\/index.php?rest_route=%2Fwp%2Fv2%2Fcomments&post=3438"}],"version-history":[{"count":0,"href":"https:\/\/meriller-vapeur.fr\/wp3\/index.php?rest_route=\/wp\/v2\/posts\/3438\/revisions"}],"wp:attachment":[{"href":"https:\/\/meriller-vapeur.fr\/wp3\/index.php?rest_route=%2Fwp%2Fv2%2Fmedia&parent=3438"}],"wp:term":[{"taxonomy":"category","embeddable":true,"href":"https:\/\/meriller-vapeur.fr\/wp3\/index.php?rest_route=%2Fwp%2Fv2%2Fcategories&post=3438"},{"taxonomy":"post_tag","embeddable":true,"href":"https:\/\/meriller-vapeur.fr\/wp3\/index.php?rest_route=%2Fwp%2Fv2%2Ftags&post=3438"}],"curies":[{"name":"wp","href":"https:\/\/api.w.org\/{rel}","templated":true}]}}