{"id":3410,"date":"2014-12-09T11:51:38","date_gmt":"2014-12-09T10:51:38","guid":{"rendered":"http:\/\/meriller-vapeur.fr\/wp3\/?p=3410"},"modified":"2014-12-11T18:37:22","modified_gmt":"2014-12-11T17:37:22","slug":"marche-de-noel-2014-a-coulounieix-chamiers","status":"publish","type":"post","link":"https:\/\/meriller-vapeur.fr\/wp3\/?p=3410","title":{"rendered":"MARCH\u00c9 de NO\u00cbL 2014 \u00e0 Coulounieix-Chamiers."},"content":{"rendered":"<header class=\"entry-header\">\n<h1 class=\"entry-title\"><\/h1>\n<\/header>\n<div class=\"entry-content\">\n<p><a href=\"http:\/\/meriller-vapeur.fr\/wp3\/wp-content\/uploads\/2014\/12\/Marche-noel-3.jpg\"><img loading=\"lazy\" decoding=\"async\" class=\"alignleft size-medium wp-image-3407\" src=\"http:\/\/meriller-vapeur.fr\/wp3\/wp-content\/uploads\/2014\/12\/Marche-noel-3-300x198.jpg\" alt=\"Marche noel 3\" width=\"300\" height=\"198\" srcset=\"https:\/\/meriller-vapeur.fr\/wp3\/wp-content\/uploads\/2014\/12\/Marche-noel-3-300x198.jpg 300w, https:\/\/meriller-vapeur.fr\/wp3\/wp-content\/uploads\/2014\/12\/Marche-noel-3-1024x678.jpg 1024w, https:\/\/meriller-vapeur.fr\/wp3\/wp-content\/uploads\/2014\/12\/Marche-noel-3.jpg 1200w\" sizes=\"auto, (max-width: 300px) 100vw, 300px\" \/><\/a>Comme chaque ann\u00e9e, le sympathique March\u00e9 de No\u00ebl de\u00a0Coulounieix-Chamiers \u00e0 permis \u00e0 de nombreux visiteurs de se donner un avant-go\u00fbt des f\u00eates familiales de fin d\u2019ann\u00e9e.<\/p>\n<p>La suite <a title=\"MARCH\u00c9 de NO\u00cbL 2014 \u00e0 Coulounieix-Chamiers.\" href=\"http:\/\/meriller-vapeur.fr\/wp3\/?page_id=3404\">&gt;&gt;&gt;&gt;&gt; ICI.<\/a><\/p>\n<p><em>(Page mise \u00e0 jour le\u00a0jeudi 11 d\u00e9cembre 2014 18h36).<\/em><\/p>\n<p>_________________________<\/p>\n<\/div>\n<div class=\"pvc_clear\"><\/div>\n<p id=\"pvc_stats_3410\" class=\"pvc_stats all  \" data-element-id=\"3410\" style=\"\"><i class=\"pvc-stats-icon medium\" aria-hidden=\"true\"><svg aria-hidden=\"true\" focusable=\"false\" data-prefix=\"far\" data-icon=\"chart-bar\" role=\"img\" xmlns=\"http:\/\/www.w3.org\/2000\/svg\" viewBox=\"0 0 512 512\" class=\"svg-inline--fa fa-chart-bar fa-w-16 fa-2x\"><path fill=\"currentColor\" d=\"M396.8 352h22.4c6.4 0 12.8-6.4 12.8-12.8V108.8c0-6.4-6.4-12.8-12.8-12.8h-22.4c-6.4 0-12.8 6.4-12.8 12.8v230.4c0 6.4 6.4 12.8 12.8 12.8zm-192 0h22.4c6.4 0 12.8-6.4 12.8-12.8V140.8c0-6.4-6.4-12.8-12.8-12.8h-22.4c-6.4 0-12.8 6.4-12.8 12.8v198.4c0 6.4 6.4 12.8 12.8 12.8zm96 0h22.4c6.4 0 12.8-6.4 12.8-12.8V204.8c0-6.4-6.4-12.8-12.8-12.8h-22.4c-6.4 0-12.8 6.4-12.8 12.8v134.4c0 6.4 6.4 12.8 12.8 12.8zM496 400H48V80c0-8.84-7.16-16-16-16H16C7.16 64 0 71.16 0 80v336c0 17.67 14.33 32 32 32h464c8.84 0 16-7.16 16-16v-16c0-8.84-7.16-16-16-16zm-387.2-48h22.4c6.4 0 12.8-6.4 12.8-12.8v-70.4c0-6.4-6.4-12.8-12.8-12.8h-22.4c-6.4 0-12.8 6.4-12.8 12.8v70.4c0 6.4 6.4 12.8 12.8 12.8z\" class=\"\"><\/path><\/svg><\/i> <img loading=\"lazy\" decoding=\"async\" width=\"16\" height=\"16\" alt=\"Loading\" src=\"https:\/\/meriller-vapeur.fr\/wp3\/wp-content\/plugins\/page-views-count\/ajax-loader-2x.gif\" border=0 \/><\/p>\n<div class=\"pvc_clear\"><\/div>\n","protected":false},"excerpt":{"rendered":"<p>Comme chaque ann\u00e9e, le sympathique March\u00e9 de No\u00ebl de\u00a0Coulounieix-Chamiers \u00e0 permis \u00e0 de nombreux visiteurs de se donner un avant-go\u00fbt des f\u00eates familiales de fin d\u2019ann\u00e9e. La suite &gt;&gt;&gt;&gt;&gt; ICI. (Page mise \u00e0 jour le\u00a0jeudi 11 d\u00e9cembre 2014 18h36). _________________________<\/p>\n<div class=\"pvc_clear\"><\/div>\n<p id=\"pvc_stats_3410\" class=\"pvc_stats all  \" data-element-id=\"3410\" style=\"\"><i class=\"pvc-stats-icon medium\" aria-hidden=\"true\"><svg aria-hidden=\"true\" focusable=\"false\" data-prefix=\"far\" data-icon=\"chart-bar\" role=\"img\" xmlns=\"http:\/\/www.w3.org\/2000\/svg\" viewBox=\"0 0 512 512\" class=\"svg-inline--fa fa-chart-bar fa-w-16 fa-2x\"><path fill=\"currentColor\" d=\"M396.8 352h22.4c6.4 0 12.8-6.4 12.8-12.8V108.8c0-6.4-6.4-12.8-12.8-12.8h-22.4c-6.4 0-12.8 6.4-12.8 12.8v230.4c0 6.4 6.4 12.8 12.8 12.8zm-192 0h22.4c6.4 0 12.8-6.4 12.8-12.8V140.8c0-6.4-6.4-12.8-12.8-12.8h-22.4c-6.4 0-12.8 6.4-12.8 12.8v198.4c0 6.4 6.4 12.8 12.8 12.8zm96 0h22.4c6.4 0 12.8-6.4 12.8-12.8V204.8c0-6.4-6.4-12.8-12.8-12.8h-22.4c-6.4 0-12.8 6.4-12.8 12.8v134.4c0 6.4 6.4 12.8 12.8 12.8zM496 400H48V80c0-8.84-7.16-16-16-16H16C7.16 64 0 71.16 0 80v336c0 17.67 14.33 32 32 32h464c8.84 0 16-7.16 16-16v-16c0-8.84-7.16-16-16-16zm-387.2-48h22.4c6.4 0 12.8-6.4 12.8-12.8v-70.4c0-6.4-6.4-12.8-12.8-12.8h-22.4c-6.4 0-12.8 6.4-12.8 12.8v70.4c0 6.4 6.4 12.8 12.8 12.8z\" class=\"\"><\/path><\/svg><\/i> <img loading=\"lazy\" decoding=\"async\" width=\"16\" height=\"16\" alt=\"Loading\" src=\"https:\/\/meriller-vapeur.fr\/wp3\/wp-content\/plugins\/page-views-count\/ajax-loader-2x.gif\" border=0 \/><\/p>\n<div class=\"pvc_clear\"><\/div>\n","protected":false},"author":1,"featured_media":0,"comment_status":"open","ping_status":"open","sticky":false,"template":"","format":"standard","meta":{"footnotes":""},"categories":[9,10],"tags":[],"class_list":["post-3410","post","type-post","status-publish","format-standard","hentry","category-expositions","category-vie-du-club"],"a3_pvc":{"activated":true,"total_views":233,"today_views":0},"_links":{"self":[{"href":"https:\/\/meriller-vapeur.fr\/wp3\/index.php?rest_route=\/wp\/v2\/posts\/3410","targetHints":{"allow":["GET"]}}],"collection":[{"href":"https:\/\/meriller-vapeur.fr\/wp3\/index.php?rest_route=\/wp\/v2\/posts"}],"about":[{"href":"https:\/\/meriller-vapeur.fr\/wp3\/index.php?rest_route=\/wp\/v2\/types\/post"}],"author":[{"embeddable":true,"href":"https:\/\/meriller-vapeur.fr\/wp3\/index.php?rest_route=\/wp\/v2\/users\/1"}],"replies":[{"embeddable":true,"href":"https:\/\/meriller-vapeur.fr\/wp3\/index.php?rest_route=%2Fwp%2Fv2%2Fcomments&post=3410"}],"version-history":[{"count":0,"href":"https:\/\/meriller-vapeur.fr\/wp3\/index.php?rest_route=\/wp\/v2\/posts\/3410\/revisions"}],"wp:attachment":[{"href":"https:\/\/meriller-vapeur.fr\/wp3\/index.php?rest_route=%2Fwp%2Fv2%2Fmedia&parent=3410"}],"wp:term":[{"taxonomy":"category","embeddable":true,"href":"https:\/\/meriller-vapeur.fr\/wp3\/index.php?rest_route=%2Fwp%2Fv2%2Fcategories&post=3410"},{"taxonomy":"post_tag","embeddable":true,"href":"https:\/\/meriller-vapeur.fr\/wp3\/index.php?rest_route=%2Fwp%2Fv2%2Ftags&post=3410"}],"curies":[{"name":"wp","href":"https:\/\/api.w.org\/{rel}","templated":true}]}}