{"id":3330,"date":"2014-11-22T14:48:42","date_gmt":"2014-11-22T13:48:42","guid":{"rendered":"http:\/\/meriller-vapeur.fr\/wp3\/?p=3330"},"modified":"2014-11-22T18:45:19","modified_gmt":"2014-11-22T17:45:19","slug":"exposition-14-18-du-7-au-16-novembre-2014","status":"publish","type":"post","link":"https:\/\/meriller-vapeur.fr\/wp3\/?p=3330","title":{"rendered":"EXPOSITION 14-18 du 7 au 16 novembre 2014 (mise \u00e0 jour)."},"content":{"rendered":"<header class=\"entry-header\">\n<h1 class=\"entry-title\"><\/h1>\n<\/header>\n<div class=\"entry-content\">\n<div id=\"attachment_3313\" style=\"width: 310px\" class=\"wp-caption alignleft\"><a href=\"http:\/\/meriller-vapeur.fr\/wp3\/?page_id=3232\"><img loading=\"lazy\" decoding=\"async\" aria-describedby=\"caption-attachment-3313\" class=\"wp-image-3313 size-medium\" src=\"http:\/\/meriller-vapeur.fr\/wp3\/wp-content\/uploads\/2014\/11\/Roger-5108-1600x1200-300x198.jpg\" alt=\"Le Pr\u00e9sident fait les commentaires...\" width=\"300\" height=\"198\" srcset=\"https:\/\/meriller-vapeur.fr\/wp3\/wp-content\/uploads\/2014\/11\/Roger-5108-1600x1200-300x198.jpg 300w, https:\/\/meriller-vapeur.fr\/wp3\/wp-content\/uploads\/2014\/11\/Roger-5108-1600x1200-1024x678.jpg 1024w, https:\/\/meriller-vapeur.fr\/wp3\/wp-content\/uploads\/2014\/11\/Roger-5108-1600x1200.jpg 1200w\" sizes=\"auto, (max-width: 300px) 100vw, 300px\" \/><\/a><p id=\"caption-attachment-3313\" class=\"wp-caption-text\">Le Pr\u00e9sident fait les commentaires&#8230;<\/p><\/div>\n<p>A l\u2019occasion du Centenaire de la grande guerre, une belle Exposition a \u00e9t\u00e9 organis\u00e9e par le\u00a0COCE 14 18\u00a0(Comite d\u2019organisation du centenaire de la guerre 14\/18) de\u00a0Coulounieix-Chamiers \u00a0\u00e0 la Salle G\u00e9rard Philippe.<\/p>\n<p>MERILLER VAPEUR 24\u00a0est partenaire de l\u2019Exposition<\/p>\n<p>L\u2019exposition a \u00e9t\u00e9 un grand\u00a0succ\u00e8s avec 1210 VISITEURS!<\/p>\n<p>La suite <a title=\"EXPOSITION 14-18 Salle\u00a0G\u00e9rard\u00a0Philipe\u00a0\u00e0 COULOUNIEIX BOURG du 7 au 16 novembre 2014.\" href=\"http:\/\/meriller-vapeur.fr\/wp3\/?page_id=3232\">&gt;&gt;&gt;&gt;&gt;&gt;ICI<\/a><\/p>\n<p><span style=\"text-decoration: underline;\"><strong>Mise \u00e0 jour du\u00a022\/11\/2014\u00a0:<\/strong><\/span><\/p>\n<p>\u2022\u00a0<a title=\"EXPOSITION 14-18 Salle G\u00e9rard Philipe \u00e0 COULOUNIEIX BOURG du 7 au 16 novembre 2014 (SUITE).\" href=\"http:\/\/meriller-vapeur.fr\/wp3\/?page_id=3333\">Une seconde page est visible &gt;&gt;&gt;&gt;&gt;ICI<\/a>,<\/p>\n<p>\u2022 Egalement une <strong>Video<\/strong> de Philippe DESCENDIER \u00a0<a href=\"http:\/\/meriller-vapeur.fr\/wp3\/?page_id=290\">&gt;&gt;&gt;&gt;&gt;&gt;&gt;ICI<\/a><\/p>\n<\/div>\n<div class=\"pvc_clear\"><\/div>\n<p id=\"pvc_stats_3330\" class=\"pvc_stats all  \" data-element-id=\"3330\" style=\"\"><i class=\"pvc-stats-icon medium\" aria-hidden=\"true\"><svg aria-hidden=\"true\" focusable=\"false\" data-prefix=\"far\" data-icon=\"chart-bar\" role=\"img\" xmlns=\"http:\/\/www.w3.org\/2000\/svg\" viewBox=\"0 0 512 512\" class=\"svg-inline--fa fa-chart-bar fa-w-16 fa-2x\"><path fill=\"currentColor\" d=\"M396.8 352h22.4c6.4 0 12.8-6.4 12.8-12.8V108.8c0-6.4-6.4-12.8-12.8-12.8h-22.4c-6.4 0-12.8 6.4-12.8 12.8v230.4c0 6.4 6.4 12.8 12.8 12.8zm-192 0h22.4c6.4 0 12.8-6.4 12.8-12.8V140.8c0-6.4-6.4-12.8-12.8-12.8h-22.4c-6.4 0-12.8 6.4-12.8 12.8v198.4c0 6.4 6.4 12.8 12.8 12.8zm96 0h22.4c6.4 0 12.8-6.4 12.8-12.8V204.8c0-6.4-6.4-12.8-12.8-12.8h-22.4c-6.4 0-12.8 6.4-12.8 12.8v134.4c0 6.4 6.4 12.8 12.8 12.8zM496 400H48V80c0-8.84-7.16-16-16-16H16C7.16 64 0 71.16 0 80v336c0 17.67 14.33 32 32 32h464c8.84 0 16-7.16 16-16v-16c0-8.84-7.16-16-16-16zm-387.2-48h22.4c6.4 0 12.8-6.4 12.8-12.8v-70.4c0-6.4-6.4-12.8-12.8-12.8h-22.4c-6.4 0-12.8 6.4-12.8 12.8v70.4c0 6.4 6.4 12.8 12.8 12.8z\" class=\"\"><\/path><\/svg><\/i> <img loading=\"lazy\" decoding=\"async\" width=\"16\" height=\"16\" alt=\"Loading\" src=\"https:\/\/meriller-vapeur.fr\/wp3\/wp-content\/plugins\/page-views-count\/ajax-loader-2x.gif\" border=0 \/><\/p>\n<div class=\"pvc_clear\"><\/div>\n","protected":false},"excerpt":{"rendered":"<p>A l\u2019occasion du Centenaire de la grande guerre, une belle Exposition a \u00e9t\u00e9 organis\u00e9e par le\u00a0COCE 14 18\u00a0(Comite d\u2019organisation du centenaire de la guerre 14\/18) de\u00a0Coulounieix-Chamiers \u00a0\u00e0 la Salle G\u00e9rard Philippe. MERILLER VAPEUR 24\u00a0est partenaire de l\u2019Exposition L\u2019exposition a \u00e9t\u00e9 un grand\u00a0succ\u00e8s avec 1210 VISITEURS! La suite &gt;&gt;&gt;&gt;&gt;&gt;ICI Mise \u00e0 jour du\u00a022\/11\/2014\u00a0: \u2022\u00a0Une seconde page\u2026 <span class=\"read-more\"><a href=\"https:\/\/meriller-vapeur.fr\/wp3\/?p=3330\">Read More &raquo;<\/a><\/span><\/p>\n<div class=\"pvc_clear\"><\/div>\n<p id=\"pvc_stats_3330\" class=\"pvc_stats all  \" data-element-id=\"3330\" style=\"\"><i class=\"pvc-stats-icon medium\" aria-hidden=\"true\"><svg aria-hidden=\"true\" focusable=\"false\" data-prefix=\"far\" data-icon=\"chart-bar\" role=\"img\" xmlns=\"http:\/\/www.w3.org\/2000\/svg\" viewBox=\"0 0 512 512\" class=\"svg-inline--fa fa-chart-bar fa-w-16 fa-2x\"><path fill=\"currentColor\" d=\"M396.8 352h22.4c6.4 0 12.8-6.4 12.8-12.8V108.8c0-6.4-6.4-12.8-12.8-12.8h-22.4c-6.4 0-12.8 6.4-12.8 12.8v230.4c0 6.4 6.4 12.8 12.8 12.8zm-192 0h22.4c6.4 0 12.8-6.4 12.8-12.8V140.8c0-6.4-6.4-12.8-12.8-12.8h-22.4c-6.4 0-12.8 6.4-12.8 12.8v198.4c0 6.4 6.4 12.8 12.8 12.8zm96 0h22.4c6.4 0 12.8-6.4 12.8-12.8V204.8c0-6.4-6.4-12.8-12.8-12.8h-22.4c-6.4 0-12.8 6.4-12.8 12.8v134.4c0 6.4 6.4 12.8 12.8 12.8zM496 400H48V80c0-8.84-7.16-16-16-16H16C7.16 64 0 71.16 0 80v336c0 17.67 14.33 32 32 32h464c8.84 0 16-7.16 16-16v-16c0-8.84-7.16-16-16-16zm-387.2-48h22.4c6.4 0 12.8-6.4 12.8-12.8v-70.4c0-6.4-6.4-12.8-12.8-12.8h-22.4c-6.4 0-12.8 6.4-12.8 12.8v70.4c0 6.4 6.4 12.8 12.8 12.8z\" class=\"\"><\/path><\/svg><\/i> <img loading=\"lazy\" decoding=\"async\" width=\"16\" height=\"16\" alt=\"Loading\" src=\"https:\/\/meriller-vapeur.fr\/wp3\/wp-content\/plugins\/page-views-count\/ajax-loader-2x.gif\" border=0 \/><\/p>\n<div class=\"pvc_clear\"><\/div>\n","protected":false},"author":1,"featured_media":0,"comment_status":"open","ping_status":"open","sticky":false,"template":"","format":"standard","meta":{"footnotes":""},"categories":[9,4,10],"tags":[],"class_list":["post-3330","post","type-post","status-publish","format-standard","hentry","category-expositions","category-news","category-vie-du-club"],"a3_pvc":{"activated":true,"total_views":247,"today_views":0},"_links":{"self":[{"href":"https:\/\/meriller-vapeur.fr\/wp3\/index.php?rest_route=\/wp\/v2\/posts\/3330","targetHints":{"allow":["GET"]}}],"collection":[{"href":"https:\/\/meriller-vapeur.fr\/wp3\/index.php?rest_route=\/wp\/v2\/posts"}],"about":[{"href":"https:\/\/meriller-vapeur.fr\/wp3\/index.php?rest_route=\/wp\/v2\/types\/post"}],"author":[{"embeddable":true,"href":"https:\/\/meriller-vapeur.fr\/wp3\/index.php?rest_route=\/wp\/v2\/users\/1"}],"replies":[{"embeddable":true,"href":"https:\/\/meriller-vapeur.fr\/wp3\/index.php?rest_route=%2Fwp%2Fv2%2Fcomments&post=3330"}],"version-history":[{"count":0,"href":"https:\/\/meriller-vapeur.fr\/wp3\/index.php?rest_route=\/wp\/v2\/posts\/3330\/revisions"}],"wp:attachment":[{"href":"https:\/\/meriller-vapeur.fr\/wp3\/index.php?rest_route=%2Fwp%2Fv2%2Fmedia&parent=3330"}],"wp:term":[{"taxonomy":"category","embeddable":true,"href":"https:\/\/meriller-vapeur.fr\/wp3\/index.php?rest_route=%2Fwp%2Fv2%2Fcategories&post=3330"},{"taxonomy":"post_tag","embeddable":true,"href":"https:\/\/meriller-vapeur.fr\/wp3\/index.php?rest_route=%2Fwp%2Fv2%2Ftags&post=3330"}],"curies":[{"name":"wp","href":"https:\/\/api.w.org\/{rel}","templated":true}]}}