{"id":3128,"date":"2014-10-19T09:44:18","date_gmt":"2014-10-19T07:44:18","guid":{"rendered":"http:\/\/meriller-vapeur.fr\/wp3\/?p=3128"},"modified":"2014-10-19T09:44:18","modified_gmt":"2014-10-19T07:44:18","slug":"corail-inter-cites-cic-4493","status":"publish","type":"post","link":"https:\/\/meriller-vapeur.fr\/wp3\/?p=3128","title":{"rendered":"Corail Inter Cit\u00e9s \u00ab\u00a0CIC 4493\u00a0\u00bb"},"content":{"rendered":"<p>Le Corail Inter Cit\u00e9s \u00ab\u00a0CIC 4493\u00a0\u00bb en provenance de Bordeaux et \u00e0 destination de Brive la Gaillarde vient de passer devant la tour de V\u00e9sonne apr\u00e8s avoir quitt\u00e9 la gare de P\u00e9rigueux, le samedi 18 octobre 2014 \u00e0 10 heures.<\/p>\n<div id=\"attachment_3129\" style=\"width: 310px\" class=\"wp-caption alignleft\"><a href=\"http:\/\/meriller-vapeur.fr\/wp3\/wp-content\/uploads\/2014\/10\/inter-cit\u00e9s.jpg\" target=\"_blank\"><img loading=\"lazy\" decoding=\"async\" aria-describedby=\"caption-attachment-3129\" class=\"wp-image-3129 size-medium\" src=\"http:\/\/meriller-vapeur.fr\/wp3\/wp-content\/uploads\/2014\/10\/inter-cit\u00e9s-300x200.jpg\" alt=\"Corail Inter Cit\u00e9s &quot;CIC 4493&quot;\" width=\"300\" height=\"200\" srcset=\"https:\/\/meriller-vapeur.fr\/wp3\/wp-content\/uploads\/2014\/10\/inter-cit\u00e9s-300x200.jpg 300w, https:\/\/meriller-vapeur.fr\/wp3\/wp-content\/uploads\/2014\/10\/inter-cit\u00e9s-1024x682.jpg 1024w\" sizes=\"auto, (max-width: 300px) 100vw, 300px\" \/><\/a><p id=\"caption-attachment-3129\" class=\"wp-caption-text\">Corail Inter Cit\u00e9s \u00ab\u00a0CIC 4493\u00a0\u00bb<\/p><\/div>\n<p>&nbsp;<\/p>\n<p>&nbsp;<\/p>\n<p>&nbsp;<\/p>\n<p>&nbsp;<\/p>\n<p>&nbsp;<\/p>\n<p>&nbsp;<\/p>\n<p>Photo prise par Pierre PERRIER.<\/p>\n<div class=\"pvc_clear\"><\/div>\n<p id=\"pvc_stats_3128\" class=\"pvc_stats all  \" data-element-id=\"3128\" style=\"\"><i class=\"pvc-stats-icon medium\" aria-hidden=\"true\"><svg aria-hidden=\"true\" focusable=\"false\" data-prefix=\"far\" data-icon=\"chart-bar\" role=\"img\" xmlns=\"http:\/\/www.w3.org\/2000\/svg\" viewBox=\"0 0 512 512\" class=\"svg-inline--fa fa-chart-bar fa-w-16 fa-2x\"><path fill=\"currentColor\" d=\"M396.8 352h22.4c6.4 0 12.8-6.4 12.8-12.8V108.8c0-6.4-6.4-12.8-12.8-12.8h-22.4c-6.4 0-12.8 6.4-12.8 12.8v230.4c0 6.4 6.4 12.8 12.8 12.8zm-192 0h22.4c6.4 0 12.8-6.4 12.8-12.8V140.8c0-6.4-6.4-12.8-12.8-12.8h-22.4c-6.4 0-12.8 6.4-12.8 12.8v198.4c0 6.4 6.4 12.8 12.8 12.8zm96 0h22.4c6.4 0 12.8-6.4 12.8-12.8V204.8c0-6.4-6.4-12.8-12.8-12.8h-22.4c-6.4 0-12.8 6.4-12.8 12.8v134.4c0 6.4 6.4 12.8 12.8 12.8zM496 400H48V80c0-8.84-7.16-16-16-16H16C7.16 64 0 71.16 0 80v336c0 17.67 14.33 32 32 32h464c8.84 0 16-7.16 16-16v-16c0-8.84-7.16-16-16-16zm-387.2-48h22.4c6.4 0 12.8-6.4 12.8-12.8v-70.4c0-6.4-6.4-12.8-12.8-12.8h-22.4c-6.4 0-12.8 6.4-12.8 12.8v70.4c0 6.4 6.4 12.8 12.8 12.8z\" class=\"\"><\/path><\/svg><\/i> <img loading=\"lazy\" decoding=\"async\" width=\"16\" height=\"16\" alt=\"Loading\" src=\"https:\/\/meriller-vapeur.fr\/wp3\/wp-content\/plugins\/page-views-count\/ajax-loader-2x.gif\" border=0 \/><\/p>\n<div class=\"pvc_clear\"><\/div>\n","protected":false},"excerpt":{"rendered":"<p>Le Corail Inter Cit\u00e9s \u00ab\u00a0CIC 4493\u00a0\u00bb en provenance de Bordeaux et \u00e0 destination de Brive la Gaillarde vient de passer devant la tour de V\u00e9sonne apr\u00e8s avoir quitt\u00e9 la gare de P\u00e9rigueux, le samedi 18 octobre 2014 \u00e0 10 heures. &nbsp; &nbsp; &nbsp; &nbsp; &nbsp; &nbsp; Photo prise par Pierre PERRIER.<\/p>\n<div class=\"pvc_clear\"><\/div>\n<p id=\"pvc_stats_3128\" class=\"pvc_stats all  \" data-element-id=\"3128\" style=\"\"><i class=\"pvc-stats-icon medium\" aria-hidden=\"true\"><svg aria-hidden=\"true\" focusable=\"false\" data-prefix=\"far\" data-icon=\"chart-bar\" role=\"img\" xmlns=\"http:\/\/www.w3.org\/2000\/svg\" viewBox=\"0 0 512 512\" class=\"svg-inline--fa fa-chart-bar fa-w-16 fa-2x\"><path fill=\"currentColor\" d=\"M396.8 352h22.4c6.4 0 12.8-6.4 12.8-12.8V108.8c0-6.4-6.4-12.8-12.8-12.8h-22.4c-6.4 0-12.8 6.4-12.8 12.8v230.4c0 6.4 6.4 12.8 12.8 12.8zm-192 0h22.4c6.4 0 12.8-6.4 12.8-12.8V140.8c0-6.4-6.4-12.8-12.8-12.8h-22.4c-6.4 0-12.8 6.4-12.8 12.8v198.4c0 6.4 6.4 12.8 12.8 12.8zm96 0h22.4c6.4 0 12.8-6.4 12.8-12.8V204.8c0-6.4-6.4-12.8-12.8-12.8h-22.4c-6.4 0-12.8 6.4-12.8 12.8v134.4c0 6.4 6.4 12.8 12.8 12.8zM496 400H48V80c0-8.84-7.16-16-16-16H16C7.16 64 0 71.16 0 80v336c0 17.67 14.33 32 32 32h464c8.84 0 16-7.16 16-16v-16c0-8.84-7.16-16-16-16zm-387.2-48h22.4c6.4 0 12.8-6.4 12.8-12.8v-70.4c0-6.4-6.4-12.8-12.8-12.8h-22.4c-6.4 0-12.8 6.4-12.8 12.8v70.4c0 6.4 6.4 12.8 12.8 12.8z\" class=\"\"><\/path><\/svg><\/i> <img loading=\"lazy\" decoding=\"async\" width=\"16\" height=\"16\" alt=\"Loading\" src=\"https:\/\/meriller-vapeur.fr\/wp3\/wp-content\/plugins\/page-views-count\/ajax-loader-2x.gif\" border=0 \/><\/p>\n<div class=\"pvc_clear\"><\/div>\n","protected":false},"author":1,"featured_media":0,"comment_status":"open","ping_status":"open","sticky":false,"template":"","format":"standard","meta":{"footnotes":""},"categories":[6,4,5,10],"tags":[],"class_list":["post-3128","post","type-post","status-publish","format-standard","hentry","category-doc-ferroviaire","category-news","category-photo-du-mois","category-vie-du-club"],"a3_pvc":{"activated":true,"total_views":449,"today_views":0},"_links":{"self":[{"href":"https:\/\/meriller-vapeur.fr\/wp3\/index.php?rest_route=\/wp\/v2\/posts\/3128","targetHints":{"allow":["GET"]}}],"collection":[{"href":"https:\/\/meriller-vapeur.fr\/wp3\/index.php?rest_route=\/wp\/v2\/posts"}],"about":[{"href":"https:\/\/meriller-vapeur.fr\/wp3\/index.php?rest_route=\/wp\/v2\/types\/post"}],"author":[{"embeddable":true,"href":"https:\/\/meriller-vapeur.fr\/wp3\/index.php?rest_route=\/wp\/v2\/users\/1"}],"replies":[{"embeddable":true,"href":"https:\/\/meriller-vapeur.fr\/wp3\/index.php?rest_route=%2Fwp%2Fv2%2Fcomments&post=3128"}],"version-history":[{"count":0,"href":"https:\/\/meriller-vapeur.fr\/wp3\/index.php?rest_route=\/wp\/v2\/posts\/3128\/revisions"}],"wp:attachment":[{"href":"https:\/\/meriller-vapeur.fr\/wp3\/index.php?rest_route=%2Fwp%2Fv2%2Fmedia&parent=3128"}],"wp:term":[{"taxonomy":"category","embeddable":true,"href":"https:\/\/meriller-vapeur.fr\/wp3\/index.php?rest_route=%2Fwp%2Fv2%2Fcategories&post=3128"},{"taxonomy":"post_tag","embeddable":true,"href":"https:\/\/meriller-vapeur.fr\/wp3\/index.php?rest_route=%2Fwp%2Fv2%2Ftags&post=3128"}],"curies":[{"name":"wp","href":"https:\/\/api.w.org\/{rel}","templated":true}]}}