{"id":2913,"date":"2014-09-04T19:00:25","date_gmt":"2014-09-04T17:00:25","guid":{"rendered":"http:\/\/meriller-vapeur.fr\/wp3\/?p=2913"},"modified":"2014-09-10T00:30:16","modified_gmt":"2014-09-09T22:30:16","slug":"2014-0904","status":"publish","type":"post","link":"https:\/\/meriller-vapeur.fr\/wp3\/?p=2913","title":{"rendered":"Pour fin 2014\u00a0:\u00a0VOICI LA LISTE DES MANIFESTATIONS\u00a0PR\u00c9VUES."},"content":{"rendered":"<p style=\"color: #373737;\"><span style=\"color: #ff0000;\"><strong><img loading=\"lazy\" decoding=\"async\" class=\"alignleft size-thumbnail wp-image-2914\" src=\"http:\/\/meriller-vapeur.fr\/wp3\/wp-content\/uploads\/2014\/09\/calendrier-150x150.jpeg\" alt=\"calendrier\" width=\"150\" height=\"150\" srcset=\"https:\/\/meriller-vapeur.fr\/wp3\/wp-content\/uploads\/2014\/09\/calendrier-150x150.jpeg 150w, https:\/\/meriller-vapeur.fr\/wp3\/wp-content\/uploads\/2014\/09\/calendrier.jpeg 225w\" sizes=\"auto, (max-width: 150px) 100vw, 150px\" \/>2e\u00a0SEMESTRE 2014 :<\/strong><\/span><strong><span style=\"color: #ff0000;\">\u00a03 septembre 2014 &#8211;\u00a0Mise \u00e0 jour suite \u00e0 la r\u00e9union du Bureau du m\u00eame jour.<\/span><\/strong><\/p>\n<p style=\"color: #373737;\"><br style=\"color: #000000;\" \/><span style=\"color: #000000;\"><strong>&#8211; Samedi 20 sept 2014<\/strong>\u00a0\u2013 FORUM DES ASSOCIATIONS au Ch\u00e2teau des Izards (apr\u00e8s midi) COULOUNIEIX CHAMIERS<\/span><br style=\"color: #000000;\" \/><br style=\"color: #000000;\" \/><span style=\"color: #000000;\"><strong>&#8211; Dimanche 22 sept 2014<\/strong>\u00a0&#8211; &gt;&gt;&gt;&gt;&gt;&gt;&gt;&gt;&gt;<em>BASSILLAC\u00a0<strong>Annul\u00e9e<\/strong>\u00a0(Bourse trains Limoges)<\/em><\/span><br style=\"color: #000000;\" \/><br style=\"color: #000000;\" \/><span style=\"color: #000000;\"><strong>&#8211; 23\/24 octobre 2014<\/strong>\u00a0\u2013 MAISON DE RETRAITE LA CHENERAIE le LYONNET AGONAC<\/span><br style=\"color: #000000;\" \/><br style=\"color: #000000;\" \/><span style=\"color: #000000;\"><strong>&#8211; 3 au 18 novembre 2014<\/strong>\u00a0\u2013 \u00a0<em><strong>EXPOSITION du CENTENAIRE de la GUERRE 1914-1918\u00a0<\/strong><\/em><\/span><\/p>\n<p style=\"color: #373737;\">etc&#8230; etc&#8230; la suite est \u00e0 voir &gt;&gt;&gt;&gt;&gt;&gt;&gt; <a title=\"EXPOSITIONS\u00a0: calendrier\" href=\"http:\/\/meriller-vapeur.fr\/wp3\/?page_id=182\">ICI<\/a>.<\/p>\n<div class=\"pvc_clear\"><\/div>\n<p id=\"pvc_stats_2913\" class=\"pvc_stats all  \" data-element-id=\"2913\" style=\"\"><i class=\"pvc-stats-icon medium\" aria-hidden=\"true\"><svg aria-hidden=\"true\" focusable=\"false\" data-prefix=\"far\" data-icon=\"chart-bar\" role=\"img\" xmlns=\"http:\/\/www.w3.org\/2000\/svg\" viewBox=\"0 0 512 512\" class=\"svg-inline--fa fa-chart-bar fa-w-16 fa-2x\"><path fill=\"currentColor\" d=\"M396.8 352h22.4c6.4 0 12.8-6.4 12.8-12.8V108.8c0-6.4-6.4-12.8-12.8-12.8h-22.4c-6.4 0-12.8 6.4-12.8 12.8v230.4c0 6.4 6.4 12.8 12.8 12.8zm-192 0h22.4c6.4 0 12.8-6.4 12.8-12.8V140.8c0-6.4-6.4-12.8-12.8-12.8h-22.4c-6.4 0-12.8 6.4-12.8 12.8v198.4c0 6.4 6.4 12.8 12.8 12.8zm96 0h22.4c6.4 0 12.8-6.4 12.8-12.8V204.8c0-6.4-6.4-12.8-12.8-12.8h-22.4c-6.4 0-12.8 6.4-12.8 12.8v134.4c0 6.4 6.4 12.8 12.8 12.8zM496 400H48V80c0-8.84-7.16-16-16-16H16C7.16 64 0 71.16 0 80v336c0 17.67 14.33 32 32 32h464c8.84 0 16-7.16 16-16v-16c0-8.84-7.16-16-16-16zm-387.2-48h22.4c6.4 0 12.8-6.4 12.8-12.8v-70.4c0-6.4-6.4-12.8-12.8-12.8h-22.4c-6.4 0-12.8 6.4-12.8 12.8v70.4c0 6.4 6.4 12.8 12.8 12.8z\" class=\"\"><\/path><\/svg><\/i> <img loading=\"lazy\" decoding=\"async\" width=\"16\" height=\"16\" alt=\"Loading\" src=\"https:\/\/meriller-vapeur.fr\/wp3\/wp-content\/plugins\/page-views-count\/ajax-loader-2x.gif\" border=0 \/><\/p>\n<div class=\"pvc_clear\"><\/div>\n","protected":false},"excerpt":{"rendered":"<p>2e\u00a0SEMESTRE 2014 :\u00a03 septembre 2014 &#8211;\u00a0Mise \u00e0 jour suite \u00e0 la r\u00e9union du Bureau du m\u00eame jour. &#8211; Samedi 20 sept 2014\u00a0\u2013 FORUM DES ASSOCIATIONS au Ch\u00e2teau des Izards (apr\u00e8s midi) COULOUNIEIX CHAMIERS&#8211; Dimanche 22 sept 2014\u00a0&#8211; &gt;&gt;&gt;&gt;&gt;&gt;&gt;&gt;&gt;BASSILLAC\u00a0Annul\u00e9e\u00a0(Bourse trains Limoges)&#8211; 23\/24 octobre 2014\u00a0\u2013 MAISON DE RETRAITE LA CHENERAIE le LYONNET AGONAC&#8211; 3 au 18 novembre\u2026 <span class=\"read-more\"><a href=\"https:\/\/meriller-vapeur.fr\/wp3\/?p=2913\">Read More &raquo;<\/a><\/span><\/p>\n<div class=\"pvc_clear\"><\/div>\n<p id=\"pvc_stats_2913\" class=\"pvc_stats all  \" data-element-id=\"2913\" style=\"\"><i class=\"pvc-stats-icon medium\" aria-hidden=\"true\"><svg aria-hidden=\"true\" focusable=\"false\" data-prefix=\"far\" data-icon=\"chart-bar\" role=\"img\" xmlns=\"http:\/\/www.w3.org\/2000\/svg\" viewBox=\"0 0 512 512\" class=\"svg-inline--fa fa-chart-bar fa-w-16 fa-2x\"><path fill=\"currentColor\" d=\"M396.8 352h22.4c6.4 0 12.8-6.4 12.8-12.8V108.8c0-6.4-6.4-12.8-12.8-12.8h-22.4c-6.4 0-12.8 6.4-12.8 12.8v230.4c0 6.4 6.4 12.8 12.8 12.8zm-192 0h22.4c6.4 0 12.8-6.4 12.8-12.8V140.8c0-6.4-6.4-12.8-12.8-12.8h-22.4c-6.4 0-12.8 6.4-12.8 12.8v198.4c0 6.4 6.4 12.8 12.8 12.8zm96 0h22.4c6.4 0 12.8-6.4 12.8-12.8V204.8c0-6.4-6.4-12.8-12.8-12.8h-22.4c-6.4 0-12.8 6.4-12.8 12.8v134.4c0 6.4 6.4 12.8 12.8 12.8zM496 400H48V80c0-8.84-7.16-16-16-16H16C7.16 64 0 71.16 0 80v336c0 17.67 14.33 32 32 32h464c8.84 0 16-7.16 16-16v-16c0-8.84-7.16-16-16-16zm-387.2-48h22.4c6.4 0 12.8-6.4 12.8-12.8v-70.4c0-6.4-6.4-12.8-12.8-12.8h-22.4c-6.4 0-12.8 6.4-12.8 12.8v70.4c0 6.4 6.4 12.8 12.8 12.8z\" class=\"\"><\/path><\/svg><\/i> <img loading=\"lazy\" decoding=\"async\" width=\"16\" height=\"16\" alt=\"Loading\" src=\"https:\/\/meriller-vapeur.fr\/wp3\/wp-content\/plugins\/page-views-count\/ajax-loader-2x.gif\" border=0 \/><\/p>\n<div class=\"pvc_clear\"><\/div>\n","protected":false},"author":1,"featured_media":0,"comment_status":"open","ping_status":"open","sticky":false,"template":"","format":"standard","meta":{"footnotes":""},"categories":[9,4,10],"tags":[],"class_list":["post-2913","post","type-post","status-publish","format-standard","hentry","category-expositions","category-news","category-vie-du-club"],"a3_pvc":{"activated":true,"total_views":285,"today_views":0},"_links":{"self":[{"href":"https:\/\/meriller-vapeur.fr\/wp3\/index.php?rest_route=\/wp\/v2\/posts\/2913","targetHints":{"allow":["GET"]}}],"collection":[{"href":"https:\/\/meriller-vapeur.fr\/wp3\/index.php?rest_route=\/wp\/v2\/posts"}],"about":[{"href":"https:\/\/meriller-vapeur.fr\/wp3\/index.php?rest_route=\/wp\/v2\/types\/post"}],"author":[{"embeddable":true,"href":"https:\/\/meriller-vapeur.fr\/wp3\/index.php?rest_route=\/wp\/v2\/users\/1"}],"replies":[{"embeddable":true,"href":"https:\/\/meriller-vapeur.fr\/wp3\/index.php?rest_route=%2Fwp%2Fv2%2Fcomments&post=2913"}],"version-history":[{"count":0,"href":"https:\/\/meriller-vapeur.fr\/wp3\/index.php?rest_route=\/wp\/v2\/posts\/2913\/revisions"}],"wp:attachment":[{"href":"https:\/\/meriller-vapeur.fr\/wp3\/index.php?rest_route=%2Fwp%2Fv2%2Fmedia&parent=2913"}],"wp:term":[{"taxonomy":"category","embeddable":true,"href":"https:\/\/meriller-vapeur.fr\/wp3\/index.php?rest_route=%2Fwp%2Fv2%2Fcategories&post=2913"},{"taxonomy":"post_tag","embeddable":true,"href":"https:\/\/meriller-vapeur.fr\/wp3\/index.php?rest_route=%2Fwp%2Fv2%2Ftags&post=2913"}],"curies":[{"name":"wp","href":"https:\/\/api.w.org\/{rel}","templated":true}]}}