{"id":2561,"date":"2014-05-26T17:30:34","date_gmt":"2014-05-26T15:30:34","guid":{"rendered":"http:\/\/meriller-vapeur.fr\/wp3\/?p=2561"},"modified":"2014-05-26T17:33:41","modified_gmt":"2014-05-26T15:33:41","slug":"2014-0526","status":"publish","type":"post","link":"https:\/\/meriller-vapeur.fr\/wp3\/?p=2561","title":{"rendered":"COMMUNIQU\u00c9 d&rsquo;un Adh\u00e9rent."},"content":{"rendered":"<div style=\"color: #000000;\"><span style=\"font-size: medium;\">Notre ami Jean Porcher nous informe\u00a0:<\/span><\/div>\n<blockquote>\n<div style=\"color: #000000; text-align: justify;\"><span style=\"font-size: medium;\">Ces derniers jours, les mondes m\u00e9diatique et politique se sont agit\u00e9s au sujet d&rsquo;une pr\u00e9tendue b\u00e9vue de la SNCF \u00a0\u00ab\u00a0qui a \u00a0command\u00e9 des rames trop larges pour les quais des gares\u00a0\u00bb.<\/span><\/div>\n<div style=\"color: #000000; text-align: justify;\"><span style=\"font-size: medium;\">\u00a0<\/span><\/div>\n<div style=\"color: #000000; text-align: justify;\"><span style=\"font-size: medium;\">La v\u00e9rit\u00e9 est toute autre.<\/span><\/div>\n<div style=\"color: #000000; text-align: justify;\"><span style=\"font-size: medium;\">\u00a0<\/span><\/div>\n<div style=\"color: #000000; text-align: justify;\"><span style=\"font-size: medium;\">\u00a0Pour r\u00e9sumer, l&rsquo;affaire remonte \u00e0 2009 :<\/span>\u00a0les rames command\u00e9es, conform\u00e9ment aux d\u00e9sirs des R\u00e9gions de disposer de voitures spacieuses, sont \u00a0au gabarit STI B1 (Sp\u00e9cifications Techniques d\u00a0\u00bbInterop\u00e9rabilit\u00e9 -directives europ\u00e9ennes) et l&rsquo;on savait que les plus anciens quais devraient \u00eatre modernis\u00e9s et mis au gabarit , m\u00eame si RFF n&rsquo;\u00e9tait pas en mesure d&rsquo;en pr\u00e9ciser le nombre. Les travaux sont d&rsquo;ailleurs en cours depuis 3 ans. Les travaux sur les quais, en g\u00e9n\u00e9ral, sont aussi entrepris, depuis des ann\u00e9es, pour les mettre aux normes PMR.<\/div>\n<div style=\"color: #000000; text-align: justify;\"><span style=\"font-size: medium;\">\u00a0<\/span><\/div>\n<div style=\"color: #000000; text-align: justify;\"><span style=\"font-size: medium;\">Afin de \u00a0permettre \u00e0 chacun de se faire une opinion, il me parait utile de faire conna\u00eetre le lien suivant :<\/span><\/div>\n<p style=\"text-align: justify;\"><span style=\"color: #000000;\"><a href=\"http:\/\/www.sncf.com\/fr\/presse\/fil-info\/121531-travaux-quais-nouveaux-TER\" target=\"_blank\">http:\/\/www.sncf.com\/fr\/presse\/fil-info\/121531-travaux-quais-nouveaux-TER<\/a><\/span><\/p>\n<div style=\"color: #000000; text-align: justify;\"><span style=\"font-size: medium;\">Mis \u00e0 jour r\u00e9guli\u00e8rement, on y trouve notamment les interviews, la conf\u00e9rence de presse, les communiqu\u00e9s de presse que la plupart des m\u00e9dias ont ignor\u00e9s.<\/span><\/div>\n<\/blockquote>\n<p><span style=\"font-size: medium;\">______________________<\/span><\/p>\n<p><span style=\"font-size: medium;\">\u00a0<\/span><\/p>\n<div class=\"pvc_clear\"><\/div>\n<p id=\"pvc_stats_2561\" class=\"pvc_stats all  \" data-element-id=\"2561\" style=\"\"><i class=\"pvc-stats-icon medium\" aria-hidden=\"true\"><svg aria-hidden=\"true\" focusable=\"false\" data-prefix=\"far\" data-icon=\"chart-bar\" role=\"img\" xmlns=\"http:\/\/www.w3.org\/2000\/svg\" viewBox=\"0 0 512 512\" class=\"svg-inline--fa fa-chart-bar fa-w-16 fa-2x\"><path fill=\"currentColor\" d=\"M396.8 352h22.4c6.4 0 12.8-6.4 12.8-12.8V108.8c0-6.4-6.4-12.8-12.8-12.8h-22.4c-6.4 0-12.8 6.4-12.8 12.8v230.4c0 6.4 6.4 12.8 12.8 12.8zm-192 0h22.4c6.4 0 12.8-6.4 12.8-12.8V140.8c0-6.4-6.4-12.8-12.8-12.8h-22.4c-6.4 0-12.8 6.4-12.8 12.8v198.4c0 6.4 6.4 12.8 12.8 12.8zm96 0h22.4c6.4 0 12.8-6.4 12.8-12.8V204.8c0-6.4-6.4-12.8-12.8-12.8h-22.4c-6.4 0-12.8 6.4-12.8 12.8v134.4c0 6.4 6.4 12.8 12.8 12.8zM496 400H48V80c0-8.84-7.16-16-16-16H16C7.16 64 0 71.16 0 80v336c0 17.67 14.33 32 32 32h464c8.84 0 16-7.16 16-16v-16c0-8.84-7.16-16-16-16zm-387.2-48h22.4c6.4 0 12.8-6.4 12.8-12.8v-70.4c0-6.4-6.4-12.8-12.8-12.8h-22.4c-6.4 0-12.8 6.4-12.8 12.8v70.4c0 6.4 6.4 12.8 12.8 12.8z\" class=\"\"><\/path><\/svg><\/i> <img loading=\"lazy\" decoding=\"async\" width=\"16\" height=\"16\" alt=\"Loading\" src=\"https:\/\/meriller-vapeur.fr\/wp3\/wp-content\/plugins\/page-views-count\/ajax-loader-2x.gif\" border=0 \/><\/p>\n<div class=\"pvc_clear\"><\/div>\n","protected":false},"excerpt":{"rendered":"<p>Notre ami Jean Porcher nous informe\u00a0: Ces derniers jours, les mondes m\u00e9diatique et politique se sont agit\u00e9s au sujet d&rsquo;une pr\u00e9tendue b\u00e9vue de la SNCF \u00a0\u00ab\u00a0qui a \u00a0command\u00e9 des rames trop larges pour les quais des gares\u00a0\u00bb. \u00a0 La v\u00e9rit\u00e9 est toute autre. \u00a0 \u00a0Pour r\u00e9sumer, l&rsquo;affaire remonte \u00e0 2009 :\u00a0les rames command\u00e9es, conform\u00e9ment aux\u2026 <span class=\"read-more\"><a href=\"https:\/\/meriller-vapeur.fr\/wp3\/?p=2561\">Read More &raquo;<\/a><\/span><\/p>\n<div class=\"pvc_clear\"><\/div>\n<p id=\"pvc_stats_2561\" class=\"pvc_stats all  \" data-element-id=\"2561\" style=\"\"><i class=\"pvc-stats-icon medium\" aria-hidden=\"true\"><svg aria-hidden=\"true\" focusable=\"false\" data-prefix=\"far\" data-icon=\"chart-bar\" role=\"img\" xmlns=\"http:\/\/www.w3.org\/2000\/svg\" viewBox=\"0 0 512 512\" class=\"svg-inline--fa fa-chart-bar fa-w-16 fa-2x\"><path fill=\"currentColor\" d=\"M396.8 352h22.4c6.4 0 12.8-6.4 12.8-12.8V108.8c0-6.4-6.4-12.8-12.8-12.8h-22.4c-6.4 0-12.8 6.4-12.8 12.8v230.4c0 6.4 6.4 12.8 12.8 12.8zm-192 0h22.4c6.4 0 12.8-6.4 12.8-12.8V140.8c0-6.4-6.4-12.8-12.8-12.8h-22.4c-6.4 0-12.8 6.4-12.8 12.8v198.4c0 6.4 6.4 12.8 12.8 12.8zm96 0h22.4c6.4 0 12.8-6.4 12.8-12.8V204.8c0-6.4-6.4-12.8-12.8-12.8h-22.4c-6.4 0-12.8 6.4-12.8 12.8v134.4c0 6.4 6.4 12.8 12.8 12.8zM496 400H48V80c0-8.84-7.16-16-16-16H16C7.16 64 0 71.16 0 80v336c0 17.67 14.33 32 32 32h464c8.84 0 16-7.16 16-16v-16c0-8.84-7.16-16-16-16zm-387.2-48h22.4c6.4 0 12.8-6.4 12.8-12.8v-70.4c0-6.4-6.4-12.8-12.8-12.8h-22.4c-6.4 0-12.8 6.4-12.8 12.8v70.4c0 6.4 6.4 12.8 12.8 12.8z\" class=\"\"><\/path><\/svg><\/i> <img loading=\"lazy\" decoding=\"async\" width=\"16\" height=\"16\" alt=\"Loading\" src=\"https:\/\/meriller-vapeur.fr\/wp3\/wp-content\/plugins\/page-views-count\/ajax-loader-2x.gif\" border=0 \/><\/p>\n<div class=\"pvc_clear\"><\/div>\n","protected":false},"author":1,"featured_media":0,"comment_status":"open","ping_status":"open","sticky":false,"template":"","format":"standard","meta":{"footnotes":""},"categories":[6,4,29],"tags":[],"class_list":["post-2561","post","type-post","status-publish","format-standard","hentry","category-doc-ferroviaire","category-news","category-presse"],"a3_pvc":{"activated":true,"total_views":169,"today_views":0},"_links":{"self":[{"href":"https:\/\/meriller-vapeur.fr\/wp3\/index.php?rest_route=\/wp\/v2\/posts\/2561","targetHints":{"allow":["GET"]}}],"collection":[{"href":"https:\/\/meriller-vapeur.fr\/wp3\/index.php?rest_route=\/wp\/v2\/posts"}],"about":[{"href":"https:\/\/meriller-vapeur.fr\/wp3\/index.php?rest_route=\/wp\/v2\/types\/post"}],"author":[{"embeddable":true,"href":"https:\/\/meriller-vapeur.fr\/wp3\/index.php?rest_route=\/wp\/v2\/users\/1"}],"replies":[{"embeddable":true,"href":"https:\/\/meriller-vapeur.fr\/wp3\/index.php?rest_route=%2Fwp%2Fv2%2Fcomments&post=2561"}],"version-history":[{"count":0,"href":"https:\/\/meriller-vapeur.fr\/wp3\/index.php?rest_route=\/wp\/v2\/posts\/2561\/revisions"}],"wp:attachment":[{"href":"https:\/\/meriller-vapeur.fr\/wp3\/index.php?rest_route=%2Fwp%2Fv2%2Fmedia&parent=2561"}],"wp:term":[{"taxonomy":"category","embeddable":true,"href":"https:\/\/meriller-vapeur.fr\/wp3\/index.php?rest_route=%2Fwp%2Fv2%2Fcategories&post=2561"},{"taxonomy":"post_tag","embeddable":true,"href":"https:\/\/meriller-vapeur.fr\/wp3\/index.php?rest_route=%2Fwp%2Fv2%2Ftags&post=2561"}],"curies":[{"name":"wp","href":"https:\/\/api.w.org\/{rel}","templated":true}]}}