{"id":15530,"date":"2023-09-25T10:00:38","date_gmt":"2023-09-25T08:00:38","guid":{"rendered":"https:\/\/meriller-vapeur.fr\/wp3\/?p=15530"},"modified":"2023-09-25T10:01:31","modified_gmt":"2023-09-25T08:01:31","slug":"samedi-30-septembre-2023-centenaire-du-musee-national-de-la-prehistoire","status":"publish","type":"post","link":"https:\/\/meriller-vapeur.fr\/wp3\/?p=15530","title":{"rendered":"\u2022 Samedi 30 septembre 2023 : centenaire du Mus\u00e9e National de la Pr\u00e9histoire."},"content":{"rendered":"<p>\u00c0 l\u2019occasion du <a href=\"https:\/\/musee-prehistoire-eyzies.fr\/agenda\/evenement\/centenaire\" target=\"_blank\" rel=\"noopener\">centenaire du Mus\u00e9e National de la Pr\u00e9histoire situ\u00e9 aux Eyzies en Dordogn<\/a>e, l&rsquo;Office de Tourisme du Grand P\u00e9rigueux vous propose une grande journ\u00e9e de f\u00eate sur le th\u00e8me :<\/p>\n<h2 style=\"text-align: center;\"><strong>LE TRAIN DANS TOUS SES ETATS<\/strong><\/h2>\n<p style=\"text-align: center;\"><em><span style=\"text-decoration: underline;\">avec la participation active de Meriller-Vapeur 24 !<\/span><\/em><\/p>\n<p><a href=\"https:\/\/meriller-vapeur.fr\/wp3\/wp-content\/uploads\/2023\/09\/100-ans-du-Musee-de-la-Prehistoire.pdf\" target=\"_blank\" rel=\"noopener\"><img loading=\"lazy\" decoding=\"async\" class=\"alignleft wp-image-15531 size-thumbnail\" src=\"https:\/\/meriller-vapeur.fr\/wp3\/wp-content\/uploads\/2023\/09\/20230930-Musee-prehistoire-150x150.jpg\" alt=\"\" width=\"150\" height=\"150\" \/><\/a><\/p>\n<p>&nbsp;<\/p>\n<p>Tous les d\u00e9tails sont sur le Flyer \u00e0 t\u00e9l\u00e9charger en cliquant sur l&rsquo;image ci-contre, soyez nombreux \u00e0 nous rejoindre pour cette manifestation exceptionnelle !<\/p>\n<p>&nbsp;<\/p>\n<div class=\"pvc_clear\"><\/div>\n<p id=\"pvc_stats_15530\" class=\"pvc_stats all  \" data-element-id=\"15530\" style=\"\"><i class=\"pvc-stats-icon medium\" aria-hidden=\"true\"><svg aria-hidden=\"true\" focusable=\"false\" data-prefix=\"far\" data-icon=\"chart-bar\" role=\"img\" xmlns=\"http:\/\/www.w3.org\/2000\/svg\" viewBox=\"0 0 512 512\" class=\"svg-inline--fa fa-chart-bar fa-w-16 fa-2x\"><path fill=\"currentColor\" d=\"M396.8 352h22.4c6.4 0 12.8-6.4 12.8-12.8V108.8c0-6.4-6.4-12.8-12.8-12.8h-22.4c-6.4 0-12.8 6.4-12.8 12.8v230.4c0 6.4 6.4 12.8 12.8 12.8zm-192 0h22.4c6.4 0 12.8-6.4 12.8-12.8V140.8c0-6.4-6.4-12.8-12.8-12.8h-22.4c-6.4 0-12.8 6.4-12.8 12.8v198.4c0 6.4 6.4 12.8 12.8 12.8zm96 0h22.4c6.4 0 12.8-6.4 12.8-12.8V204.8c0-6.4-6.4-12.8-12.8-12.8h-22.4c-6.4 0-12.8 6.4-12.8 12.8v134.4c0 6.4 6.4 12.8 12.8 12.8zM496 400H48V80c0-8.84-7.16-16-16-16H16C7.16 64 0 71.16 0 80v336c0 17.67 14.33 32 32 32h464c8.84 0 16-7.16 16-16v-16c0-8.84-7.16-16-16-16zm-387.2-48h22.4c6.4 0 12.8-6.4 12.8-12.8v-70.4c0-6.4-6.4-12.8-12.8-12.8h-22.4c-6.4 0-12.8 6.4-12.8 12.8v70.4c0 6.4 6.4 12.8 12.8 12.8z\" class=\"\"><\/path><\/svg><\/i> <img loading=\"lazy\" decoding=\"async\" width=\"16\" height=\"16\" alt=\"Loading\" src=\"https:\/\/meriller-vapeur.fr\/wp3\/wp-content\/plugins\/page-views-count\/ajax-loader-2x.gif\" border=0 \/><\/p>\n<div class=\"pvc_clear\"><\/div>\n","protected":false},"excerpt":{"rendered":"<p>\u00c0 l\u2019occasion du centenaire du Mus\u00e9e National de la Pr\u00e9histoire situ\u00e9 aux Eyzies en Dordogne, l&rsquo;Office de Tourisme du Grand P\u00e9rigueux vous propose une grande journ\u00e9e de f\u00eate sur le th\u00e8me : LE TRAIN DANS TOUS SES ETATS avec la participation active de Meriller-Vapeur 24 ! &nbsp; Tous les d\u00e9tails sont sur le Flyer \u00e0\u2026 <span class=\"read-more\"><a href=\"https:\/\/meriller-vapeur.fr\/wp3\/?p=15530\">Read More &raquo;<\/a><\/span><\/p>\n<div class=\"pvc_clear\"><\/div>\n<p id=\"pvc_stats_15530\" class=\"pvc_stats all  \" data-element-id=\"15530\" style=\"\"><i class=\"pvc-stats-icon medium\" aria-hidden=\"true\"><svg aria-hidden=\"true\" focusable=\"false\" data-prefix=\"far\" data-icon=\"chart-bar\" role=\"img\" xmlns=\"http:\/\/www.w3.org\/2000\/svg\" viewBox=\"0 0 512 512\" class=\"svg-inline--fa fa-chart-bar fa-w-16 fa-2x\"><path fill=\"currentColor\" d=\"M396.8 352h22.4c6.4 0 12.8-6.4 12.8-12.8V108.8c0-6.4-6.4-12.8-12.8-12.8h-22.4c-6.4 0-12.8 6.4-12.8 12.8v230.4c0 6.4 6.4 12.8 12.8 12.8zm-192 0h22.4c6.4 0 12.8-6.4 12.8-12.8V140.8c0-6.4-6.4-12.8-12.8-12.8h-22.4c-6.4 0-12.8 6.4-12.8 12.8v198.4c0 6.4 6.4 12.8 12.8 12.8zm96 0h22.4c6.4 0 12.8-6.4 12.8-12.8V204.8c0-6.4-6.4-12.8-12.8-12.8h-22.4c-6.4 0-12.8 6.4-12.8 12.8v134.4c0 6.4 6.4 12.8 12.8 12.8zM496 400H48V80c0-8.84-7.16-16-16-16H16C7.16 64 0 71.16 0 80v336c0 17.67 14.33 32 32 32h464c8.84 0 16-7.16 16-16v-16c0-8.84-7.16-16-16-16zm-387.2-48h22.4c6.4 0 12.8-6.4 12.8-12.8v-70.4c0-6.4-6.4-12.8-12.8-12.8h-22.4c-6.4 0-12.8 6.4-12.8 12.8v70.4c0 6.4 6.4 12.8 12.8 12.8z\" class=\"\"><\/path><\/svg><\/i> <img loading=\"lazy\" decoding=\"async\" width=\"16\" height=\"16\" alt=\"Loading\" src=\"https:\/\/meriller-vapeur.fr\/wp3\/wp-content\/plugins\/page-views-count\/ajax-loader-2x.gif\" border=0 \/><\/p>\n<div class=\"pvc_clear\"><\/div>\n","protected":false},"author":1,"featured_media":0,"comment_status":"open","ping_status":"open","sticky":false,"template":"","format":"standard","meta":{"footnotes":""},"categories":[6,9,4,31,29,10],"tags":[],"class_list":["post-15530","post","type-post","status-publish","format-standard","hentry","category-doc-ferroviaire","category-expositions","category-news","category-patrimoine-ferroviaire","category-presse","category-vie-du-club"],"a3_pvc":{"activated":true,"total_views":53,"today_views":0},"_links":{"self":[{"href":"https:\/\/meriller-vapeur.fr\/wp3\/index.php?rest_route=\/wp\/v2\/posts\/15530","targetHints":{"allow":["GET"]}}],"collection":[{"href":"https:\/\/meriller-vapeur.fr\/wp3\/index.php?rest_route=\/wp\/v2\/posts"}],"about":[{"href":"https:\/\/meriller-vapeur.fr\/wp3\/index.php?rest_route=\/wp\/v2\/types\/post"}],"author":[{"embeddable":true,"href":"https:\/\/meriller-vapeur.fr\/wp3\/index.php?rest_route=\/wp\/v2\/users\/1"}],"replies":[{"embeddable":true,"href":"https:\/\/meriller-vapeur.fr\/wp3\/index.php?rest_route=%2Fwp%2Fv2%2Fcomments&post=15530"}],"version-history":[{"count":3,"href":"https:\/\/meriller-vapeur.fr\/wp3\/index.php?rest_route=\/wp\/v2\/posts\/15530\/revisions"}],"predecessor-version":[{"id":15535,"href":"https:\/\/meriller-vapeur.fr\/wp3\/index.php?rest_route=\/wp\/v2\/posts\/15530\/revisions\/15535"}],"wp:attachment":[{"href":"https:\/\/meriller-vapeur.fr\/wp3\/index.php?rest_route=%2Fwp%2Fv2%2Fmedia&parent=15530"}],"wp:term":[{"taxonomy":"category","embeddable":true,"href":"https:\/\/meriller-vapeur.fr\/wp3\/index.php?rest_route=%2Fwp%2Fv2%2Fcategories&post=15530"},{"taxonomy":"post_tag","embeddable":true,"href":"https:\/\/meriller-vapeur.fr\/wp3\/index.php?rest_route=%2Fwp%2Fv2%2Ftags&post=15530"}],"curies":[{"name":"wp","href":"https:\/\/api.w.org\/{rel}","templated":true}]}}