{"id":15013,"date":"2023-02-02T13:49:49","date_gmt":"2023-02-02T12:49:49","guid":{"rendered":"https:\/\/meriller-vapeur.fr\/wp3\/?p=15013"},"modified":"2023-02-03T12:14:08","modified_gmt":"2023-02-03T11:14:08","slug":"assemblee-generale-de-janvier-2023","status":"publish","type":"post","link":"https:\/\/meriller-vapeur.fr\/wp3\/?p=15013","title":{"rendered":"\u2022 ASSEMBL\u00c9E G\u00c9N\u00c9RALE de JANVIER 2023."},"content":{"rendered":"<p><img loading=\"lazy\" decoding=\"async\" class=\"alignleft wp-image-15032 size-thumbnail\" src=\"https:\/\/meriller-vapeur.fr\/wp3\/wp-content\/uploads\/2023\/02\/Debout-Alain-DEBONTRIDDER-nouveau-President-de-MV24-IMG_1711-150x150.jpg\" alt=\"\" width=\"150\" height=\"150\" \/><\/p>\n<p style=\"text-align: left;\">Notre Assembl\u00e9e g\u00e9n\u00e9rale 2022 s\u2019est d\u00e9roul\u00e9e comme pr\u00e9vue le 27 \u00a0janvier 2022 MAISON DES ASSOCIATIONS de Coulounieix-Chamiers de dix heures \u00e0 midi. Vous trouverez ci apr\u00e8s les photos et les liens vers le CR de cette assembl\u00e9e, ainsi que les articles de presse.<\/p>\n<p>&nbsp;<\/p>\n<p>Nous remercions de leur pr\u00e9sence les Elus :<\/p>\n<ul>\n<li><strong>Mme Arlette Esclaffer<\/strong> repr\u00e9sentant <strong>Mr Thierry Cipierre Maire<\/strong> de la commune de Coulounieix-Chamiers,<\/li>\n<li><strong>\u00a0Mr le Maire de Saint Pierre de Chignac Daniel Reynet<\/strong> repr\u00e9sentant <strong>Mr Jacques Auzou Pr\u00e9sident du Grand P\u00e9rigueux,<\/strong><strong>\u00a0<\/strong><\/li>\n<li><strong>Mr Serge Raynaud <\/strong>repr\u00e9sentant Mr Jacques Auzou Maire de Boulazac Isle Manoire.<\/li>\n<li><strong>Mr Germinal Peiro<\/strong>, Pr\u00e9sident du conseil d\u00e9partemental, \u00e9tant excus\u00e9.<\/li>\n<\/ul>\n<p>Nous remercions \u00e9galement les <strong>journalistes<\/strong> pour leur pr\u00e9sence&#8230;<\/p>\n<p>La suite est \u00e0 lire <a href=\"https:\/\/meriller-vapeur.fr\/wp3\/?page_id=15019\">&gt;&gt;&gt;&gt;&gt;&gt;&gt;&gt;&gt;&gt;&gt; ICI<\/a><\/p>\n<div class=\"pvc_clear\"><\/div>\n<p id=\"pvc_stats_15013\" class=\"pvc_stats all  \" data-element-id=\"15013\" style=\"\"><i class=\"pvc-stats-icon medium\" aria-hidden=\"true\"><svg aria-hidden=\"true\" focusable=\"false\" data-prefix=\"far\" data-icon=\"chart-bar\" role=\"img\" xmlns=\"http:\/\/www.w3.org\/2000\/svg\" viewBox=\"0 0 512 512\" class=\"svg-inline--fa fa-chart-bar fa-w-16 fa-2x\"><path fill=\"currentColor\" d=\"M396.8 352h22.4c6.4 0 12.8-6.4 12.8-12.8V108.8c0-6.4-6.4-12.8-12.8-12.8h-22.4c-6.4 0-12.8 6.4-12.8 12.8v230.4c0 6.4 6.4 12.8 12.8 12.8zm-192 0h22.4c6.4 0 12.8-6.4 12.8-12.8V140.8c0-6.4-6.4-12.8-12.8-12.8h-22.4c-6.4 0-12.8 6.4-12.8 12.8v198.4c0 6.4 6.4 12.8 12.8 12.8zm96 0h22.4c6.4 0 12.8-6.4 12.8-12.8V204.8c0-6.4-6.4-12.8-12.8-12.8h-22.4c-6.4 0-12.8 6.4-12.8 12.8v134.4c0 6.4 6.4 12.8 12.8 12.8zM496 400H48V80c0-8.84-7.16-16-16-16H16C7.16 64 0 71.16 0 80v336c0 17.67 14.33 32 32 32h464c8.84 0 16-7.16 16-16v-16c0-8.84-7.16-16-16-16zm-387.2-48h22.4c6.4 0 12.8-6.4 12.8-12.8v-70.4c0-6.4-6.4-12.8-12.8-12.8h-22.4c-6.4 0-12.8 6.4-12.8 12.8v70.4c0 6.4 6.4 12.8 12.8 12.8z\" class=\"\"><\/path><\/svg><\/i> <img loading=\"lazy\" decoding=\"async\" width=\"16\" height=\"16\" alt=\"Loading\" src=\"https:\/\/meriller-vapeur.fr\/wp3\/wp-content\/plugins\/page-views-count\/ajax-loader-2x.gif\" border=0 \/><\/p>\n<div class=\"pvc_clear\"><\/div>\n","protected":false},"excerpt":{"rendered":"<p>Notre Assembl\u00e9e g\u00e9n\u00e9rale 2022 s\u2019est d\u00e9roul\u00e9e comme pr\u00e9vue le 27 \u00a0janvier 2022 MAISON DES ASSOCIATIONS de Coulounieix-Chamiers de dix heures \u00e0 midi. Vous trouverez ci apr\u00e8s les photos et les liens vers le CR de cette assembl\u00e9e, ainsi que les articles de presse. &nbsp; Nous remercions de leur pr\u00e9sence les Elus : Mme Arlette Esclaffer\u2026 <span class=\"read-more\"><a href=\"https:\/\/meriller-vapeur.fr\/wp3\/?p=15013\">Read More &raquo;<\/a><\/span><\/p>\n<div class=\"pvc_clear\"><\/div>\n<p id=\"pvc_stats_15013\" class=\"pvc_stats all  \" data-element-id=\"15013\" style=\"\"><i class=\"pvc-stats-icon medium\" aria-hidden=\"true\"><svg aria-hidden=\"true\" focusable=\"false\" data-prefix=\"far\" data-icon=\"chart-bar\" role=\"img\" xmlns=\"http:\/\/www.w3.org\/2000\/svg\" viewBox=\"0 0 512 512\" class=\"svg-inline--fa fa-chart-bar fa-w-16 fa-2x\"><path fill=\"currentColor\" d=\"M396.8 352h22.4c6.4 0 12.8-6.4 12.8-12.8V108.8c0-6.4-6.4-12.8-12.8-12.8h-22.4c-6.4 0-12.8 6.4-12.8 12.8v230.4c0 6.4 6.4 12.8 12.8 12.8zm-192 0h22.4c6.4 0 12.8-6.4 12.8-12.8V140.8c0-6.4-6.4-12.8-12.8-12.8h-22.4c-6.4 0-12.8 6.4-12.8 12.8v198.4c0 6.4 6.4 12.8 12.8 12.8zm96 0h22.4c6.4 0 12.8-6.4 12.8-12.8V204.8c0-6.4-6.4-12.8-12.8-12.8h-22.4c-6.4 0-12.8 6.4-12.8 12.8v134.4c0 6.4 6.4 12.8 12.8 12.8zM496 400H48V80c0-8.84-7.16-16-16-16H16C7.16 64 0 71.16 0 80v336c0 17.67 14.33 32 32 32h464c8.84 0 16-7.16 16-16v-16c0-8.84-7.16-16-16-16zm-387.2-48h22.4c6.4 0 12.8-6.4 12.8-12.8v-70.4c0-6.4-6.4-12.8-12.8-12.8h-22.4c-6.4 0-12.8 6.4-12.8 12.8v70.4c0 6.4 6.4 12.8 12.8 12.8z\" class=\"\"><\/path><\/svg><\/i> <img loading=\"lazy\" decoding=\"async\" width=\"16\" height=\"16\" alt=\"Loading\" src=\"https:\/\/meriller-vapeur.fr\/wp3\/wp-content\/plugins\/page-views-count\/ajax-loader-2x.gif\" border=0 \/><\/p>\n<div class=\"pvc_clear\"><\/div>\n","protected":false},"author":1,"featured_media":0,"comment_status":"open","ping_status":"open","sticky":false,"template":"","format":"standard","meta":{"footnotes":""},"categories":[10],"tags":[],"class_list":["post-15013","post","type-post","status-publish","format-standard","hentry","category-vie-du-club"],"a3_pvc":{"activated":true,"total_views":82,"today_views":0},"_links":{"self":[{"href":"https:\/\/meriller-vapeur.fr\/wp3\/index.php?rest_route=\/wp\/v2\/posts\/15013","targetHints":{"allow":["GET"]}}],"collection":[{"href":"https:\/\/meriller-vapeur.fr\/wp3\/index.php?rest_route=\/wp\/v2\/posts"}],"about":[{"href":"https:\/\/meriller-vapeur.fr\/wp3\/index.php?rest_route=\/wp\/v2\/types\/post"}],"author":[{"embeddable":true,"href":"https:\/\/meriller-vapeur.fr\/wp3\/index.php?rest_route=\/wp\/v2\/users\/1"}],"replies":[{"embeddable":true,"href":"https:\/\/meriller-vapeur.fr\/wp3\/index.php?rest_route=%2Fwp%2Fv2%2Fcomments&post=15013"}],"version-history":[{"count":7,"href":"https:\/\/meriller-vapeur.fr\/wp3\/index.php?rest_route=\/wp\/v2\/posts\/15013\/revisions"}],"predecessor-version":[{"id":15076,"href":"https:\/\/meriller-vapeur.fr\/wp3\/index.php?rest_route=\/wp\/v2\/posts\/15013\/revisions\/15076"}],"wp:attachment":[{"href":"https:\/\/meriller-vapeur.fr\/wp3\/index.php?rest_route=%2Fwp%2Fv2%2Fmedia&parent=15013"}],"wp:term":[{"taxonomy":"category","embeddable":true,"href":"https:\/\/meriller-vapeur.fr\/wp3\/index.php?rest_route=%2Fwp%2Fv2%2Fcategories&post=15013"},{"taxonomy":"post_tag","embeddable":true,"href":"https:\/\/meriller-vapeur.fr\/wp3\/index.php?rest_route=%2Fwp%2Fv2%2Ftags&post=15013"}],"curies":[{"name":"wp","href":"https:\/\/api.w.org\/{rel}","templated":true}]}}