{"id":14685,"date":"2022-10-17T20:25:18","date_gmt":"2022-10-17T18:25:18","guid":{"rendered":"https:\/\/meriller-vapeur.fr\/wp3\/?p=14685"},"modified":"2022-10-17T20:28:50","modified_gmt":"2022-10-17T18:28:50","slug":"voyage-a-martel-18-septembre-2022","status":"publish","type":"post","link":"https:\/\/meriller-vapeur.fr\/wp3\/?p=14685","title":{"rendered":"\u2022 VOYAGE \u00e0 MARTEL \u2013 18 septembre 2022."},"content":{"rendered":"<p><a href=\"https:\/\/meriller-vapeur.fr\/wp3\/?attachment_id=14599\" rel=\"attachment wp-att-14599\"><img loading=\"lazy\" decoding=\"async\" class=\"alignleft wp-image-14599 size-medium\" src=\"https:\/\/meriller-vapeur.fr\/wp3\/wp-content\/uploads\/2022\/09\/Chemin-de-fer-touristique-du-Haut-Quercy-300x300.png\" sizes=\"auto, (max-width: 300px) 100vw, 300px\" srcset=\"https:\/\/meriller-vapeur.fr\/wp3\/wp-content\/uploads\/2022\/09\/Chemin-de-fer-touristique-du-Haut-Quercy-300x300.png 300w, https:\/\/meriller-vapeur.fr\/wp3\/wp-content\/uploads\/2022\/09\/Chemin-de-fer-touristique-du-Haut-Quercy-150x150.png 150w, https:\/\/meriller-vapeur.fr\/wp3\/wp-content\/uploads\/2022\/09\/Chemin-de-fer-touristique-du-Haut-Quercy.png 640w\" alt=\"\" width=\"300\" height=\"300\" \/><\/a><\/p>\n<p>&nbsp;<\/p>\n<p><em><strong>Comme nous l\u2019avions annonc\u00e9<\/strong><\/em> \u00e0 tous les membres de l\u2019association Meriller-Vapeur 24, nous avons organis\u00e9 une journ\u00e9e \u00e0 MARTEL pour visiter le Site et surtout faire le voyage en train vapeur que propose l\u2019Association \u00ab\u00a0Chemin de fer touristique du haut Quercy\u00ab\u00a0.<\/p>\n<p>Partis de P\u00e9rigueux le dimanche matin 18 septembre dans trois autos, nous \u00e9tions 10 personnes \u00e0 profiter de cette occasion sympathique de nous retrouver dans ce site exceptionnel, tant du point-de-vue ferroviaire que de celui des magnifiques paysages de cette r\u00e9gion particuli\u00e8rement belle et pittoresque !<\/p>\n<p>&nbsp;<\/p>\n<p><em><strong>Mise \u00e0 jour du 17\/10\/2022 :\u00a0<\/strong><\/em><\/p>\n<p><em>Derni\u00e8re minute <\/em>: nous recevons les images de notre ami Herv\u00e9 Plisson, elles viennent compl\u00e9ter la collection exceptionnelle de photos r\u00e9alis\u00e9es lors de cette sortie, vous les trouverez en bas de page,\u00a0<a href=\"https:\/\/meriller-vapeur.fr\/wp3\/?page_id=14596\">&gt;&gt;&gt;&gt;&gt;&gt;&gt;&gt;&gt;&gt;&gt;&gt;&gt;&gt;&gt;\u00a0ICI<\/a><\/p>\n<div class=\"pvc_clear\"><\/div>\n<p id=\"pvc_stats_14685\" class=\"pvc_stats all  \" data-element-id=\"14685\" style=\"\"><i class=\"pvc-stats-icon medium\" aria-hidden=\"true\"><svg aria-hidden=\"true\" focusable=\"false\" data-prefix=\"far\" data-icon=\"chart-bar\" role=\"img\" xmlns=\"http:\/\/www.w3.org\/2000\/svg\" viewBox=\"0 0 512 512\" class=\"svg-inline--fa fa-chart-bar fa-w-16 fa-2x\"><path fill=\"currentColor\" d=\"M396.8 352h22.4c6.4 0 12.8-6.4 12.8-12.8V108.8c0-6.4-6.4-12.8-12.8-12.8h-22.4c-6.4 0-12.8 6.4-12.8 12.8v230.4c0 6.4 6.4 12.8 12.8 12.8zm-192 0h22.4c6.4 0 12.8-6.4 12.8-12.8V140.8c0-6.4-6.4-12.8-12.8-12.8h-22.4c-6.4 0-12.8 6.4-12.8 12.8v198.4c0 6.4 6.4 12.8 12.8 12.8zm96 0h22.4c6.4 0 12.8-6.4 12.8-12.8V204.8c0-6.4-6.4-12.8-12.8-12.8h-22.4c-6.4 0-12.8 6.4-12.8 12.8v134.4c0 6.4 6.4 12.8 12.8 12.8zM496 400H48V80c0-8.84-7.16-16-16-16H16C7.16 64 0 71.16 0 80v336c0 17.67 14.33 32 32 32h464c8.84 0 16-7.16 16-16v-16c0-8.84-7.16-16-16-16zm-387.2-48h22.4c6.4 0 12.8-6.4 12.8-12.8v-70.4c0-6.4-6.4-12.8-12.8-12.8h-22.4c-6.4 0-12.8 6.4-12.8 12.8v70.4c0 6.4 6.4 12.8 12.8 12.8z\" class=\"\"><\/path><\/svg><\/i> <img loading=\"lazy\" decoding=\"async\" width=\"16\" height=\"16\" alt=\"Loading\" src=\"https:\/\/meriller-vapeur.fr\/wp3\/wp-content\/plugins\/page-views-count\/ajax-loader-2x.gif\" border=0 \/><\/p>\n<div class=\"pvc_clear\"><\/div>\n","protected":false},"excerpt":{"rendered":"<p>&nbsp; Comme nous l\u2019avions annonc\u00e9 \u00e0 tous les membres de l\u2019association Meriller-Vapeur 24, nous avons organis\u00e9 une journ\u00e9e \u00e0 MARTEL pour visiter le Site et surtout faire le voyage en train vapeur que propose l\u2019Association \u00ab\u00a0Chemin de fer touristique du haut Quercy\u00ab\u00a0. Partis de P\u00e9rigueux le dimanche matin 18 septembre dans trois autos, nous \u00e9tions\u2026 <span class=\"read-more\"><a href=\"https:\/\/meriller-vapeur.fr\/wp3\/?p=14685\">Read More &raquo;<\/a><\/span><\/p>\n<div class=\"pvc_clear\"><\/div>\n<p id=\"pvc_stats_14685\" class=\"pvc_stats all  \" data-element-id=\"14685\" style=\"\"><i class=\"pvc-stats-icon medium\" aria-hidden=\"true\"><svg aria-hidden=\"true\" focusable=\"false\" data-prefix=\"far\" data-icon=\"chart-bar\" role=\"img\" xmlns=\"http:\/\/www.w3.org\/2000\/svg\" viewBox=\"0 0 512 512\" class=\"svg-inline--fa fa-chart-bar fa-w-16 fa-2x\"><path fill=\"currentColor\" d=\"M396.8 352h22.4c6.4 0 12.8-6.4 12.8-12.8V108.8c0-6.4-6.4-12.8-12.8-12.8h-22.4c-6.4 0-12.8 6.4-12.8 12.8v230.4c0 6.4 6.4 12.8 12.8 12.8zm-192 0h22.4c6.4 0 12.8-6.4 12.8-12.8V140.8c0-6.4-6.4-12.8-12.8-12.8h-22.4c-6.4 0-12.8 6.4-12.8 12.8v198.4c0 6.4 6.4 12.8 12.8 12.8zm96 0h22.4c6.4 0 12.8-6.4 12.8-12.8V204.8c0-6.4-6.4-12.8-12.8-12.8h-22.4c-6.4 0-12.8 6.4-12.8 12.8v134.4c0 6.4 6.4 12.8 12.8 12.8zM496 400H48V80c0-8.84-7.16-16-16-16H16C7.16 64 0 71.16 0 80v336c0 17.67 14.33 32 32 32h464c8.84 0 16-7.16 16-16v-16c0-8.84-7.16-16-16-16zm-387.2-48h22.4c6.4 0 12.8-6.4 12.8-12.8v-70.4c0-6.4-6.4-12.8-12.8-12.8h-22.4c-6.4 0-12.8 6.4-12.8 12.8v70.4c0 6.4 6.4 12.8 12.8 12.8z\" class=\"\"><\/path><\/svg><\/i> <img loading=\"lazy\" decoding=\"async\" width=\"16\" height=\"16\" alt=\"Loading\" src=\"https:\/\/meriller-vapeur.fr\/wp3\/wp-content\/plugins\/page-views-count\/ajax-loader-2x.gif\" border=0 \/><\/p>\n<div class=\"pvc_clear\"><\/div>\n","protected":false},"author":1,"featured_media":0,"comment_status":"open","ping_status":"open","sticky":false,"template":"","format":"standard","meta":{"footnotes":""},"categories":[6,31,5,10],"tags":[],"class_list":["post-14685","post","type-post","status-publish","format-standard","hentry","category-doc-ferroviaire","category-patrimoine-ferroviaire","category-photo-du-mois","category-vie-du-club"],"a3_pvc":{"activated":true,"total_views":105,"today_views":0},"_links":{"self":[{"href":"https:\/\/meriller-vapeur.fr\/wp3\/index.php?rest_route=\/wp\/v2\/posts\/14685","targetHints":{"allow":["GET"]}}],"collection":[{"href":"https:\/\/meriller-vapeur.fr\/wp3\/index.php?rest_route=\/wp\/v2\/posts"}],"about":[{"href":"https:\/\/meriller-vapeur.fr\/wp3\/index.php?rest_route=\/wp\/v2\/types\/post"}],"author":[{"embeddable":true,"href":"https:\/\/meriller-vapeur.fr\/wp3\/index.php?rest_route=\/wp\/v2\/users\/1"}],"replies":[{"embeddable":true,"href":"https:\/\/meriller-vapeur.fr\/wp3\/index.php?rest_route=%2Fwp%2Fv2%2Fcomments&post=14685"}],"version-history":[{"count":5,"href":"https:\/\/meriller-vapeur.fr\/wp3\/index.php?rest_route=\/wp\/v2\/posts\/14685\/revisions"}],"predecessor-version":[{"id":14741,"href":"https:\/\/meriller-vapeur.fr\/wp3\/index.php?rest_route=\/wp\/v2\/posts\/14685\/revisions\/14741"}],"wp:attachment":[{"href":"https:\/\/meriller-vapeur.fr\/wp3\/index.php?rest_route=%2Fwp%2Fv2%2Fmedia&parent=14685"}],"wp:term":[{"taxonomy":"category","embeddable":true,"href":"https:\/\/meriller-vapeur.fr\/wp3\/index.php?rest_route=%2Fwp%2Fv2%2Fcategories&post=14685"},{"taxonomy":"post_tag","embeddable":true,"href":"https:\/\/meriller-vapeur.fr\/wp3\/index.php?rest_route=%2Fwp%2Fv2%2Ftags&post=14685"}],"curies":[{"name":"wp","href":"https:\/\/api.w.org\/{rel}","templated":true}]}}