{"id":13049,"date":"2021-08-22T11:00:59","date_gmt":"2021-08-22T09:00:59","guid":{"rendered":"https:\/\/meriller-vapeur.fr\/wp3\/?p=13049"},"modified":"2022-01-06T19:03:29","modified_gmt":"2022-01-06T18:03:29","slug":"assemblee-generale-ordinaire-du-11-septembre-2021","status":"publish","type":"post","link":"https:\/\/meriller-vapeur.fr\/wp3\/?p=13049","title":{"rendered":"\u2022 ASSEMBLEE GENERALE ORDINAIRE du 11 SEPTEMBRE 2021."},"content":{"rendered":"<div class=\"page\" title=\"Page 1\">\n<div class=\"layoutArea\">\n<div class=\"column\">\n<p>Chers adhe\u0301rents,<\/p>\n<p>La crise sanitaire nous a contraints a\u0300 repousser notre AG pr\u00e9vue initialement en janvier dernier. De ce fait, le prochaine Assemble\u0301e devra de\u0301libe\u0301rer sur 2020 et sur les premiers mois de 2021.<\/p>\n<\/div>\n<\/div>\n<\/div>\n<p>Vous \u00eates donc convie\u0301s a\u0300 notre<\/p>\n<p style=\"text-align: center;\"><em><strong>Assemble\u0301e Ge\u0301ne\u0301rale Ordinaire qui se tiendra le <\/strong><\/em><\/p>\n<p style=\"text-align: center;\"><em><strong>11 septembre 2021 a\u0300 10 heures <\/strong><\/em><\/p>\n<p style=\"text-align: center;\"><em><strong>a\u0300 la salle Pablo Neruda du Centre Ge\u0301rard Philippe de Coulounieix-Chamiers\u00a0<\/strong><\/em><\/p>\n<p>pour de\u0301libe\u0301rer sur l\u2019ordre du jour suivant :<\/p>\n<ul>\n<li>\u00a0Rapport moral 2020 \/ 2021<\/li>\n<li>\u00a0Rapport financier 2020 \/ 2021<\/li>\n<li>\u00a0Quitus sur les rapports ci-dessus<\/li>\n<li>\u00a0Renouvellement du Bureau. Appel de candidatures<\/li>\n<li>\u00a0Cotisation exceptionnelle couvrant deux anne\u0301es<\/li>\n<li>\u00a0Poursuite des activite\u0301s 2021 et pre\u0301visions 2022<\/li>\n<li>\u00a0Questions diversesEn cas d\u2019empe\u0302chement vous pouvez utiliser le pouvoir qui vous a \u00e9t\u00e9 adress\u00e9 par mail\u00a0<span style=\"font-size: 16px;\">et que vous pouvez retrouver ici :\u00a0<\/span><strong style=\"font-size: 16px;\"><em><a href=\"https:\/\/meriller-vapeur.fr\/wp3\/wp-content\/uploads\/2021\/08\/Convocation-AG-2021.pdf\" target=\"_blank\" rel=\"noopener\">Convocation AG 2021<\/a>.<\/em><\/strong><\/li>\n<\/ul>\n<p>Vous trouverez tous les d\u00e9tails en page d\u2019accueil du Site,<\/p>\n<p>contant sur votre pr\u00e9sence active,<\/p>\n<p>votre Bureau.<\/p>\n<div class=\"pvc_clear\"><\/div>\n<p id=\"pvc_stats_13049\" class=\"pvc_stats all  \" data-element-id=\"13049\" style=\"\"><i class=\"pvc-stats-icon medium\" aria-hidden=\"true\"><svg aria-hidden=\"true\" focusable=\"false\" data-prefix=\"far\" data-icon=\"chart-bar\" role=\"img\" xmlns=\"http:\/\/www.w3.org\/2000\/svg\" viewBox=\"0 0 512 512\" class=\"svg-inline--fa fa-chart-bar fa-w-16 fa-2x\"><path fill=\"currentColor\" d=\"M396.8 352h22.4c6.4 0 12.8-6.4 12.8-12.8V108.8c0-6.4-6.4-12.8-12.8-12.8h-22.4c-6.4 0-12.8 6.4-12.8 12.8v230.4c0 6.4 6.4 12.8 12.8 12.8zm-192 0h22.4c6.4 0 12.8-6.4 12.8-12.8V140.8c0-6.4-6.4-12.8-12.8-12.8h-22.4c-6.4 0-12.8 6.4-12.8 12.8v198.4c0 6.4 6.4 12.8 12.8 12.8zm96 0h22.4c6.4 0 12.8-6.4 12.8-12.8V204.8c0-6.4-6.4-12.8-12.8-12.8h-22.4c-6.4 0-12.8 6.4-12.8 12.8v134.4c0 6.4 6.4 12.8 12.8 12.8zM496 400H48V80c0-8.84-7.16-16-16-16H16C7.16 64 0 71.16 0 80v336c0 17.67 14.33 32 32 32h464c8.84 0 16-7.16 16-16v-16c0-8.84-7.16-16-16-16zm-387.2-48h22.4c6.4 0 12.8-6.4 12.8-12.8v-70.4c0-6.4-6.4-12.8-12.8-12.8h-22.4c-6.4 0-12.8 6.4-12.8 12.8v70.4c0 6.4 6.4 12.8 12.8 12.8z\" class=\"\"><\/path><\/svg><\/i> <img loading=\"lazy\" decoding=\"async\" width=\"16\" height=\"16\" alt=\"Loading\" src=\"https:\/\/meriller-vapeur.fr\/wp3\/wp-content\/plugins\/page-views-count\/ajax-loader-2x.gif\" border=0 \/><\/p>\n<div class=\"pvc_clear\"><\/div>\n","protected":false},"excerpt":{"rendered":"<p>Chers adhe\u0301rents, La crise sanitaire nous a contraints a\u0300 repousser notre AG pr\u00e9vue initialement en janvier dernier. De ce fait, le prochaine Assemble\u0301e devra de\u0301libe\u0301rer sur 2020 et sur les premiers mois de 2021. Vous \u00eates donc convie\u0301s a\u0300 notre Assemble\u0301e Ge\u0301ne\u0301rale Ordinaire qui se tiendra le 11 septembre 2021 a\u0300 10 heures a\u0300 la\u2026 <span class=\"read-more\"><a href=\"https:\/\/meriller-vapeur.fr\/wp3\/?p=13049\">Read More &raquo;<\/a><\/span><\/p>\n<div class=\"pvc_clear\"><\/div>\n<p id=\"pvc_stats_13049\" class=\"pvc_stats all  \" data-element-id=\"13049\" style=\"\"><i class=\"pvc-stats-icon medium\" aria-hidden=\"true\"><svg aria-hidden=\"true\" focusable=\"false\" data-prefix=\"far\" data-icon=\"chart-bar\" role=\"img\" xmlns=\"http:\/\/www.w3.org\/2000\/svg\" viewBox=\"0 0 512 512\" class=\"svg-inline--fa fa-chart-bar fa-w-16 fa-2x\"><path fill=\"currentColor\" d=\"M396.8 352h22.4c6.4 0 12.8-6.4 12.8-12.8V108.8c0-6.4-6.4-12.8-12.8-12.8h-22.4c-6.4 0-12.8 6.4-12.8 12.8v230.4c0 6.4 6.4 12.8 12.8 12.8zm-192 0h22.4c6.4 0 12.8-6.4 12.8-12.8V140.8c0-6.4-6.4-12.8-12.8-12.8h-22.4c-6.4 0-12.8 6.4-12.8 12.8v198.4c0 6.4 6.4 12.8 12.8 12.8zm96 0h22.4c6.4 0 12.8-6.4 12.8-12.8V204.8c0-6.4-6.4-12.8-12.8-12.8h-22.4c-6.4 0-12.8 6.4-12.8 12.8v134.4c0 6.4 6.4 12.8 12.8 12.8zM496 400H48V80c0-8.84-7.16-16-16-16H16C7.16 64 0 71.16 0 80v336c0 17.67 14.33 32 32 32h464c8.84 0 16-7.16 16-16v-16c0-8.84-7.16-16-16-16zm-387.2-48h22.4c6.4 0 12.8-6.4 12.8-12.8v-70.4c0-6.4-6.4-12.8-12.8-12.8h-22.4c-6.4 0-12.8 6.4-12.8 12.8v70.4c0 6.4 6.4 12.8 12.8 12.8z\" class=\"\"><\/path><\/svg><\/i> <img loading=\"lazy\" decoding=\"async\" width=\"16\" height=\"16\" alt=\"Loading\" src=\"https:\/\/meriller-vapeur.fr\/wp3\/wp-content\/plugins\/page-views-count\/ajax-loader-2x.gif\" border=0 \/><\/p>\n<div class=\"pvc_clear\"><\/div>\n","protected":false},"author":1,"featured_media":0,"comment_status":"open","ping_status":"open","sticky":false,"template":"","format":"standard","meta":{"footnotes":""},"categories":[4,10],"tags":[],"class_list":["post-13049","post","type-post","status-publish","format-standard","hentry","category-news","category-vie-du-club"],"a3_pvc":{"activated":true,"total_views":119,"today_views":0},"_links":{"self":[{"href":"https:\/\/meriller-vapeur.fr\/wp3\/index.php?rest_route=\/wp\/v2\/posts\/13049","targetHints":{"allow":["GET"]}}],"collection":[{"href":"https:\/\/meriller-vapeur.fr\/wp3\/index.php?rest_route=\/wp\/v2\/posts"}],"about":[{"href":"https:\/\/meriller-vapeur.fr\/wp3\/index.php?rest_route=\/wp\/v2\/types\/post"}],"author":[{"embeddable":true,"href":"https:\/\/meriller-vapeur.fr\/wp3\/index.php?rest_route=\/wp\/v2\/users\/1"}],"replies":[{"embeddable":true,"href":"https:\/\/meriller-vapeur.fr\/wp3\/index.php?rest_route=%2Fwp%2Fv2%2Fcomments&post=13049"}],"version-history":[{"count":0,"href":"https:\/\/meriller-vapeur.fr\/wp3\/index.php?rest_route=\/wp\/v2\/posts\/13049\/revisions"}],"wp:attachment":[{"href":"https:\/\/meriller-vapeur.fr\/wp3\/index.php?rest_route=%2Fwp%2Fv2%2Fmedia&parent=13049"}],"wp:term":[{"taxonomy":"category","embeddable":true,"href":"https:\/\/meriller-vapeur.fr\/wp3\/index.php?rest_route=%2Fwp%2Fv2%2Fcategories&post=13049"},{"taxonomy":"post_tag","embeddable":true,"href":"https:\/\/meriller-vapeur.fr\/wp3\/index.php?rest_route=%2Fwp%2Fv2%2Ftags&post=13049"}],"curies":[{"name":"wp","href":"https:\/\/api.w.org\/{rel}","templated":true}]}}