{"id":12982,"date":"2021-06-12T15:02:45","date_gmt":"2021-06-12T13:02:45","guid":{"rendered":"https:\/\/meriller-vapeur.fr\/wp3\/?p=12982"},"modified":"2021-06-12T15:42:14","modified_gmt":"2021-06-12T13:42:14","slug":"des-nouvelles-du-cftlp-conservatoire-ferroviaire-territoires-limousin-perigord","status":"publish","type":"post","link":"https:\/\/meriller-vapeur.fr\/wp3\/?p=12982","title":{"rendered":"\u2022 Des nouvelles du CFTLP (Conservatoire Ferroviaire Territoires Limousin P\u00e9rigord) :"},"content":{"rendered":"<div id=\"attachment_12985\" style=\"width: 310px\" class=\"wp-caption alignleft\"><a href=\"https:\/\/meriller-vapeur.fr\/wp3\/wp-content\/uploads\/2021\/06\/2021-05-30-08.56-141TD740-140C38-smal.jpg\" target=\"_blank\" rel=\"noopener\"><img loading=\"lazy\" decoding=\"async\" aria-describedby=\"caption-attachment-12985\" class=\"wp-image-12985 size-medium\" src=\"https:\/\/meriller-vapeur.fr\/wp3\/wp-content\/uploads\/2021\/06\/2021-05-30-08.56-141TD740-140C38-smal-300x201.jpg\" alt=\"\" width=\"300\" height=\"201\" srcset=\"https:\/\/meriller-vapeur.fr\/wp3\/wp-content\/uploads\/2021\/06\/2021-05-30-08.56-141TD740-140C38-smal-300x201.jpg 300w, https:\/\/meriller-vapeur.fr\/wp3\/wp-content\/uploads\/2021\/06\/2021-05-30-08.56-141TD740-140C38-smal-1024x685.jpg 1024w, https:\/\/meriller-vapeur.fr\/wp3\/wp-content\/uploads\/2021\/06\/2021-05-30-08.56-141TD740-140C38-smal-768x514.jpg 768w, https:\/\/meriller-vapeur.fr\/wp3\/wp-content\/uploads\/2021\/06\/2021-05-30-08.56-141TD740-140C38-smal-1536x1027.jpg 1536w, https:\/\/meriller-vapeur.fr\/wp3\/wp-content\/uploads\/2021\/06\/2021-05-30-08.56-141TD740-140C38-smal-660x441.jpg 660w, https:\/\/meriller-vapeur.fr\/wp3\/wp-content\/uploads\/2021\/06\/2021-05-30-08.56-141TD740-140C38-smal.jpg 1672w\" sizes=\"auto, (max-width: 300px) 100vw, 300px\" \/><\/a><p id=\"caption-attachment-12985\" class=\"wp-caption-text\"><em>D\u00e9tail de la double traction&#8230;<\/em><\/p><\/div>\n<p>Le CFTLP, par l\u2019interm\u00e9diaire de son correspondant Nicolas Gayot, que beaucoup ont rencontr\u00e9 \u00e0 Meriller-Vapeur 24, nous communique des nouvelles r\u00e9centes de ses mat\u00e9riels.<\/p>\n<p>Le 30 mai 2021 au matin, sortie du triage du Puy Imbert en direction d\u2019Eymoutiers, voici le train de rodage du mat\u00e9riel avant la reprise\u00a0des sorties touristiques de l\u2019\u00e9t\u00e9&#8230;<\/p>\n<p>&nbsp;<\/p>\n<p><span style=\"font-size: xx-small;\"><i>\u2026 comprenant : 141TD740-140C38-6v Train 801528 <\/i><\/span><\/p>\n<p><span style=\"font-size: xx-small;\"><i>Trajet Limoges-B\u00e9n\u00e9dictins-BV 08h50 \u2014 Eymouthiers-Lac-de-Vassivi\u00e8re-00 10h50 V120 \u2014 PTT Limoges \u2014 Prise de vue 2021-05-30 08h56.<\/i><\/span><\/p>\n<p>Une photo de notre premi\u00e8re double traction <em><strong>avec la 141-TD-740 et la 140-C-38.<\/strong><\/em><br \/>\nLa photo a \u00e9t\u00e9 prise \u00e0 la sortie de Limoges lorsque nous circulions sur l&rsquo;art\u00e8re Toulouse =&gt; Paris en direction de la bifurcation de la ligne \u00e0 voie unique : Le Palais-sur-Vienne =&gt; Meymac.<br \/>\nLa rame est compos\u00e9e :<br \/>\n&#8211; d&rsquo;un fourgon OCEM 30,<br \/>\n&#8211; d&rsquo;une voiture ex-PLM A4D,<br \/>\n&#8211; de deux voitures Express Nord \u00e0 porti\u00e8res lat\u00e9rales,<br \/>\n&#8211; d&rsquo;une voiture USI AB<br \/>\n&#8211; d&rsquo;une voiture USI B10.<\/p>\n<p><a href=\"https:\/\/meriller-vapeur.fr\/wp3\/wp-content\/uploads\/2021\/06\/2021-05-30-08.56-141TD740-140C38-6v-Train-801528-Limoges-Benedictins-BV-08.50_Eymouthiers-Lac-de-Vassiviere-00-10.50-V120_PTT-Limoges-scaled.jpg\" target=\"_blank\" rel=\"noopener\"><img loading=\"lazy\" decoding=\"async\" class=\"alignleft wp-image-12984 size-large\" src=\"https:\/\/meriller-vapeur.fr\/wp3\/wp-content\/uploads\/2021\/06\/2021-05-30-08.56-141TD740-140C38-6v-Train-801528-Limoges-Benedictins-BV-08.50_Eymouthiers-Lac-de-Vassiviere-00-10.50-V120_PTT-Limoges-1024x683.jpg\" alt=\"\" width=\"665\" height=\"444\" srcset=\"https:\/\/meriller-vapeur.fr\/wp3\/wp-content\/uploads\/2021\/06\/2021-05-30-08.56-141TD740-140C38-6v-Train-801528-Limoges-Benedictins-BV-08.50_Eymouthiers-Lac-de-Vassiviere-00-10.50-V120_PTT-Limoges-1024x683.jpg 1024w, https:\/\/meriller-vapeur.fr\/wp3\/wp-content\/uploads\/2021\/06\/2021-05-30-08.56-141TD740-140C38-6v-Train-801528-Limoges-Benedictins-BV-08.50_Eymouthiers-Lac-de-Vassiviere-00-10.50-V120_PTT-Limoges-300x200.jpg 300w, https:\/\/meriller-vapeur.fr\/wp3\/wp-content\/uploads\/2021\/06\/2021-05-30-08.56-141TD740-140C38-6v-Train-801528-Limoges-Benedictins-BV-08.50_Eymouthiers-Lac-de-Vassiviere-00-10.50-V120_PTT-Limoges-768x512.jpg 768w, https:\/\/meriller-vapeur.fr\/wp3\/wp-content\/uploads\/2021\/06\/2021-05-30-08.56-141TD740-140C38-6v-Train-801528-Limoges-Benedictins-BV-08.50_Eymouthiers-Lac-de-Vassiviere-00-10.50-V120_PTT-Limoges-1536x1024.jpg 1536w, https:\/\/meriller-vapeur.fr\/wp3\/wp-content\/uploads\/2021\/06\/2021-05-30-08.56-141TD740-140C38-6v-Train-801528-Limoges-Benedictins-BV-08.50_Eymouthiers-Lac-de-Vassiviere-00-10.50-V120_PTT-Limoges-2048x1366.jpg 2048w, https:\/\/meriller-vapeur.fr\/wp3\/wp-content\/uploads\/2021\/06\/2021-05-30-08.56-141TD740-140C38-6v-Train-801528-Limoges-Benedictins-BV-08.50_Eymouthiers-Lac-de-Vassiviere-00-10.50-V120_PTT-Limoges-660x440.jpg 660w\" sizes=\"auto, (max-width: 665px) 100vw, 665px\" \/><\/a><\/p>\n<blockquote><p><strong>SORTIE TOURISTIQUE\u00a0 le 20 juin 2021<\/strong><br \/>\nLimoges \/Eymoutiers et\u00a0 Eymoutiers Bugeat\u00a0 retour Limoges<br \/>\nEn partenariat avec l&rsquo; association\u00a0 \u00ab\u00a0La route dans les r\u00e9tros\u00a0\u00bb<br \/>\nLes camions \u00ab\u00a0ep. 1950 &#8211; 1960 &#8211; 1970\u00a0\u00bb suivront le train et stationneront sur les parkings de gare.<\/p>\n<p><strong>&gt;&gt;&gt; Inscriptions :<\/strong><br \/>\n<strong>OFFICE DU TOURISME LIMOGES<\/strong><br \/>\n<strong>CFTLP sur son site <a href=\"http:\/\/www.trainvapeur.com\" target=\"_blank\" rel=\"noopener\">www.trainvapeur.com<\/a><\/strong><\/p><\/blockquote>\n<p class=\"moz-forward-container\">\n<div class=\"pvc_clear\"><\/div>\n<p id=\"pvc_stats_12982\" class=\"pvc_stats all  \" data-element-id=\"12982\" style=\"\"><i class=\"pvc-stats-icon medium\" aria-hidden=\"true\"><svg aria-hidden=\"true\" focusable=\"false\" data-prefix=\"far\" data-icon=\"chart-bar\" role=\"img\" xmlns=\"http:\/\/www.w3.org\/2000\/svg\" viewBox=\"0 0 512 512\" class=\"svg-inline--fa fa-chart-bar fa-w-16 fa-2x\"><path fill=\"currentColor\" d=\"M396.8 352h22.4c6.4 0 12.8-6.4 12.8-12.8V108.8c0-6.4-6.4-12.8-12.8-12.8h-22.4c-6.4 0-12.8 6.4-12.8 12.8v230.4c0 6.4 6.4 12.8 12.8 12.8zm-192 0h22.4c6.4 0 12.8-6.4 12.8-12.8V140.8c0-6.4-6.4-12.8-12.8-12.8h-22.4c-6.4 0-12.8 6.4-12.8 12.8v198.4c0 6.4 6.4 12.8 12.8 12.8zm96 0h22.4c6.4 0 12.8-6.4 12.8-12.8V204.8c0-6.4-6.4-12.8-12.8-12.8h-22.4c-6.4 0-12.8 6.4-12.8 12.8v134.4c0 6.4 6.4 12.8 12.8 12.8zM496 400H48V80c0-8.84-7.16-16-16-16H16C7.16 64 0 71.16 0 80v336c0 17.67 14.33 32 32 32h464c8.84 0 16-7.16 16-16v-16c0-8.84-7.16-16-16-16zm-387.2-48h22.4c6.4 0 12.8-6.4 12.8-12.8v-70.4c0-6.4-6.4-12.8-12.8-12.8h-22.4c-6.4 0-12.8 6.4-12.8 12.8v70.4c0 6.4 6.4 12.8 12.8 12.8z\" class=\"\"><\/path><\/svg><\/i> <img loading=\"lazy\" decoding=\"async\" width=\"16\" height=\"16\" alt=\"Loading\" src=\"https:\/\/meriller-vapeur.fr\/wp3\/wp-content\/plugins\/page-views-count\/ajax-loader-2x.gif\" border=0 \/><\/p>\n<div class=\"pvc_clear\"><\/div>\n","protected":false},"excerpt":{"rendered":"<p>Le CFTLP, par l\u2019interm\u00e9diaire de son correspondant Nicolas Gayot, que beaucoup ont rencontr\u00e9 \u00e0 Meriller-Vapeur 24, nous communique des nouvelles r\u00e9centes de ses mat\u00e9riels. Le 30 mai 2021 au matin, sortie du triage du Puy Imbert en direction d\u2019Eymoutiers, voici le train de rodage du mat\u00e9riel avant la reprise\u00a0des sorties touristiques de l\u2019\u00e9t\u00e9&#8230; &nbsp; \u2026\u2026 <span class=\"read-more\"><a href=\"https:\/\/meriller-vapeur.fr\/wp3\/?p=12982\">Read More &raquo;<\/a><\/span><\/p>\n<div class=\"pvc_clear\"><\/div>\n<p id=\"pvc_stats_12982\" class=\"pvc_stats all  \" data-element-id=\"12982\" style=\"\"><i class=\"pvc-stats-icon medium\" aria-hidden=\"true\"><svg aria-hidden=\"true\" focusable=\"false\" data-prefix=\"far\" data-icon=\"chart-bar\" role=\"img\" xmlns=\"http:\/\/www.w3.org\/2000\/svg\" viewBox=\"0 0 512 512\" class=\"svg-inline--fa fa-chart-bar fa-w-16 fa-2x\"><path fill=\"currentColor\" d=\"M396.8 352h22.4c6.4 0 12.8-6.4 12.8-12.8V108.8c0-6.4-6.4-12.8-12.8-12.8h-22.4c-6.4 0-12.8 6.4-12.8 12.8v230.4c0 6.4 6.4 12.8 12.8 12.8zm-192 0h22.4c6.4 0 12.8-6.4 12.8-12.8V140.8c0-6.4-6.4-12.8-12.8-12.8h-22.4c-6.4 0-12.8 6.4-12.8 12.8v198.4c0 6.4 6.4 12.8 12.8 12.8zm96 0h22.4c6.4 0 12.8-6.4 12.8-12.8V204.8c0-6.4-6.4-12.8-12.8-12.8h-22.4c-6.4 0-12.8 6.4-12.8 12.8v134.4c0 6.4 6.4 12.8 12.8 12.8zM496 400H48V80c0-8.84-7.16-16-16-16H16C7.16 64 0 71.16 0 80v336c0 17.67 14.33 32 32 32h464c8.84 0 16-7.16 16-16v-16c0-8.84-7.16-16-16-16zm-387.2-48h22.4c6.4 0 12.8-6.4 12.8-12.8v-70.4c0-6.4-6.4-12.8-12.8-12.8h-22.4c-6.4 0-12.8 6.4-12.8 12.8v70.4c0 6.4 6.4 12.8 12.8 12.8z\" class=\"\"><\/path><\/svg><\/i> <img loading=\"lazy\" decoding=\"async\" width=\"16\" height=\"16\" alt=\"Loading\" src=\"https:\/\/meriller-vapeur.fr\/wp3\/wp-content\/plugins\/page-views-count\/ajax-loader-2x.gif\" border=0 \/><\/p>\n<div class=\"pvc_clear\"><\/div>\n","protected":false},"author":1,"featured_media":0,"comment_status":"open","ping_status":"open","sticky":false,"template":"","format":"standard","meta":{"footnotes":""},"categories":[32,6,4,31,5],"tags":[],"class_list":["post-12982","post","type-post","status-publish","format-standard","hentry","category-autres-clubs-ferroviaires","category-doc-ferroviaire","category-news","category-patrimoine-ferroviaire","category-photo-du-mois"],"a3_pvc":{"activated":true,"total_views":352,"today_views":0},"_links":{"self":[{"href":"https:\/\/meriller-vapeur.fr\/wp3\/index.php?rest_route=\/wp\/v2\/posts\/12982","targetHints":{"allow":["GET"]}}],"collection":[{"href":"https:\/\/meriller-vapeur.fr\/wp3\/index.php?rest_route=\/wp\/v2\/posts"}],"about":[{"href":"https:\/\/meriller-vapeur.fr\/wp3\/index.php?rest_route=\/wp\/v2\/types\/post"}],"author":[{"embeddable":true,"href":"https:\/\/meriller-vapeur.fr\/wp3\/index.php?rest_route=\/wp\/v2\/users\/1"}],"replies":[{"embeddable":true,"href":"https:\/\/meriller-vapeur.fr\/wp3\/index.php?rest_route=%2Fwp%2Fv2%2Fcomments&post=12982"}],"version-history":[{"count":0,"href":"https:\/\/meriller-vapeur.fr\/wp3\/index.php?rest_route=\/wp\/v2\/posts\/12982\/revisions"}],"wp:attachment":[{"href":"https:\/\/meriller-vapeur.fr\/wp3\/index.php?rest_route=%2Fwp%2Fv2%2Fmedia&parent=12982"}],"wp:term":[{"taxonomy":"category","embeddable":true,"href":"https:\/\/meriller-vapeur.fr\/wp3\/index.php?rest_route=%2Fwp%2Fv2%2Fcategories&post=12982"},{"taxonomy":"post_tag","embeddable":true,"href":"https:\/\/meriller-vapeur.fr\/wp3\/index.php?rest_route=%2Fwp%2Fv2%2Ftags&post=12982"}],"curies":[{"name":"wp","href":"https:\/\/api.w.org\/{rel}","templated":true}]}}