{"id":12893,"date":"2021-03-23T20:30:45","date_gmt":"2021-03-23T19:30:45","guid":{"rendered":"https:\/\/meriller-vapeur.fr\/wp3\/?p=12893"},"modified":"2021-05-08T16:50:13","modified_gmt":"2021-05-08T14:50:13","slug":"des-trains-pour-cuba","status":"publish","type":"post","link":"https:\/\/meriller-vapeur.fr\/wp3\/?p=12893","title":{"rendered":"\u2022 Des trains pour Cuba&#8230;"},"content":{"rendered":"<div id=\"attachment_12877\" style=\"width: 310px\" class=\"wp-caption alignleft\"><img loading=\"lazy\" decoding=\"async\" aria-describedby=\"caption-attachment-12877\" class=\"size-medium wp-image-12877\" src=\"https:\/\/meriller-vapeur.fr\/wp3\/wp-content\/uploads\/2021\/03\/TEE_LEtoile_du_Nord_Cuba2-300x200.jpg\" alt=\"\" width=\"300\" height=\"200\" srcset=\"https:\/\/meriller-vapeur.fr\/wp3\/wp-content\/uploads\/2021\/03\/TEE_LEtoile_du_Nord_Cuba2-300x200.jpg 300w, https:\/\/meriller-vapeur.fr\/wp3\/wp-content\/uploads\/2021\/03\/TEE_LEtoile_du_Nord_Cuba2.jpg 473w\" sizes=\"auto, (max-width: 300px) 100vw, 300px\" \/><p id=\"caption-attachment-12877\" class=\"wp-caption-text\">Ce qu&rsquo;il reste aujourd&rsquo;hui des rames, qui croupissent sur une voie de garage \u00e0 La Havane.<\/p><\/div>\n<p>Suite \u00e0 l\u2019Article du Journal Sud-Ouest paru le 21 mars 2021, et intitul\u00e9 : <strong>\u00ab\u00a0P\u00e9rigueux\u00a0: la formidable histoire des trains retap\u00e9s pour Cuba\u00a0\u00bb<\/strong>, voici des pr\u00e9cisions apport\u00e9es par certains de nos membres, experts \u00a0en la mati\u00e8re.<\/p>\n<p>Bernard Labrousse pr\u00e9cise :<\/p>\n<p>En 2000, 44 voitures ont \u00e9t\u00e9 vendues \u00e0 <strong>Cuba<\/strong>, o\u00f9 elles assurent le train le plus prestigieux du pays, le Tren Franc\u00e9s&#8230;<\/p>\n<p>La suite <a href=\"https:\/\/meriller-vapeur.fr\/wp3\/?page_id=12871\">&gt;&gt;&gt;&gt;&gt;&gt;&gt;&gt;&gt;&gt;&gt;&gt;ICI<\/a>.<\/p>\n<pre><em>Mise \u00e0 jour du 25-03-2021 : d\u2019autres documents vous sont propos\u00e9s sur cet int\u00e9ressant sujet...<\/em><\/pre>\n<div class=\"pvc_clear\"><\/div>\n<p id=\"pvc_stats_12893\" class=\"pvc_stats all  \" data-element-id=\"12893\" style=\"\"><i class=\"pvc-stats-icon medium\" aria-hidden=\"true\"><svg aria-hidden=\"true\" focusable=\"false\" data-prefix=\"far\" data-icon=\"chart-bar\" role=\"img\" xmlns=\"http:\/\/www.w3.org\/2000\/svg\" viewBox=\"0 0 512 512\" class=\"svg-inline--fa fa-chart-bar fa-w-16 fa-2x\"><path fill=\"currentColor\" d=\"M396.8 352h22.4c6.4 0 12.8-6.4 12.8-12.8V108.8c0-6.4-6.4-12.8-12.8-12.8h-22.4c-6.4 0-12.8 6.4-12.8 12.8v230.4c0 6.4 6.4 12.8 12.8 12.8zm-192 0h22.4c6.4 0 12.8-6.4 12.8-12.8V140.8c0-6.4-6.4-12.8-12.8-12.8h-22.4c-6.4 0-12.8 6.4-12.8 12.8v198.4c0 6.4 6.4 12.8 12.8 12.8zm96 0h22.4c6.4 0 12.8-6.4 12.8-12.8V204.8c0-6.4-6.4-12.8-12.8-12.8h-22.4c-6.4 0-12.8 6.4-12.8 12.8v134.4c0 6.4 6.4 12.8 12.8 12.8zM496 400H48V80c0-8.84-7.16-16-16-16H16C7.16 64 0 71.16 0 80v336c0 17.67 14.33 32 32 32h464c8.84 0 16-7.16 16-16v-16c0-8.84-7.16-16-16-16zm-387.2-48h22.4c6.4 0 12.8-6.4 12.8-12.8v-70.4c0-6.4-6.4-12.8-12.8-12.8h-22.4c-6.4 0-12.8 6.4-12.8 12.8v70.4c0 6.4 6.4 12.8 12.8 12.8z\" class=\"\"><\/path><\/svg><\/i> <img loading=\"lazy\" decoding=\"async\" width=\"16\" height=\"16\" alt=\"Loading\" src=\"https:\/\/meriller-vapeur.fr\/wp3\/wp-content\/plugins\/page-views-count\/ajax-loader-2x.gif\" border=0 \/><\/p>\n<div class=\"pvc_clear\"><\/div>\n","protected":false},"excerpt":{"rendered":"<p>Suite \u00e0 l\u2019Article du Journal Sud-Ouest paru le 21 mars 2021, et intitul\u00e9 : \u00ab\u00a0P\u00e9rigueux\u00a0: la formidable histoire des trains retap\u00e9s pour Cuba\u00a0\u00bb, voici des pr\u00e9cisions apport\u00e9es par certains de nos membres, experts \u00a0en la mati\u00e8re. Bernard Labrousse pr\u00e9cise : En 2000, 44 voitures ont \u00e9t\u00e9 vendues \u00e0 Cuba, o\u00f9 elles assurent le train le\u2026 <span class=\"read-more\"><a href=\"https:\/\/meriller-vapeur.fr\/wp3\/?p=12893\">Read More &raquo;<\/a><\/span><\/p>\n<div class=\"pvc_clear\"><\/div>\n<p id=\"pvc_stats_12893\" class=\"pvc_stats all  \" data-element-id=\"12893\" style=\"\"><i class=\"pvc-stats-icon medium\" aria-hidden=\"true\"><svg aria-hidden=\"true\" focusable=\"false\" data-prefix=\"far\" data-icon=\"chart-bar\" role=\"img\" xmlns=\"http:\/\/www.w3.org\/2000\/svg\" viewBox=\"0 0 512 512\" class=\"svg-inline--fa fa-chart-bar fa-w-16 fa-2x\"><path fill=\"currentColor\" d=\"M396.8 352h22.4c6.4 0 12.8-6.4 12.8-12.8V108.8c0-6.4-6.4-12.8-12.8-12.8h-22.4c-6.4 0-12.8 6.4-12.8 12.8v230.4c0 6.4 6.4 12.8 12.8 12.8zm-192 0h22.4c6.4 0 12.8-6.4 12.8-12.8V140.8c0-6.4-6.4-12.8-12.8-12.8h-22.4c-6.4 0-12.8 6.4-12.8 12.8v198.4c0 6.4 6.4 12.8 12.8 12.8zm96 0h22.4c6.4 0 12.8-6.4 12.8-12.8V204.8c0-6.4-6.4-12.8-12.8-12.8h-22.4c-6.4 0-12.8 6.4-12.8 12.8v134.4c0 6.4 6.4 12.8 12.8 12.8zM496 400H48V80c0-8.84-7.16-16-16-16H16C7.16 64 0 71.16 0 80v336c0 17.67 14.33 32 32 32h464c8.84 0 16-7.16 16-16v-16c0-8.84-7.16-16-16-16zm-387.2-48h22.4c6.4 0 12.8-6.4 12.8-12.8v-70.4c0-6.4-6.4-12.8-12.8-12.8h-22.4c-6.4 0-12.8 6.4-12.8 12.8v70.4c0 6.4 6.4 12.8 12.8 12.8z\" class=\"\"><\/path><\/svg><\/i> <img loading=\"lazy\" decoding=\"async\" width=\"16\" height=\"16\" alt=\"Loading\" src=\"https:\/\/meriller-vapeur.fr\/wp3\/wp-content\/plugins\/page-views-count\/ajax-loader-2x.gif\" border=0 \/><\/p>\n<div class=\"pvc_clear\"><\/div>\n","protected":false},"author":1,"featured_media":0,"comment_status":"open","ping_status":"open","sticky":false,"template":"","format":"standard","meta":{"footnotes":""},"categories":[11,6,4,31,29],"tags":[],"class_list":["post-12893","post","type-post","status-publish","format-standard","hentry","category-ateliers","category-doc-ferroviaire","category-news","category-patrimoine-ferroviaire","category-presse"],"a3_pvc":{"activated":true,"total_views":194,"today_views":0},"_links":{"self":[{"href":"https:\/\/meriller-vapeur.fr\/wp3\/index.php?rest_route=\/wp\/v2\/posts\/12893","targetHints":{"allow":["GET"]}}],"collection":[{"href":"https:\/\/meriller-vapeur.fr\/wp3\/index.php?rest_route=\/wp\/v2\/posts"}],"about":[{"href":"https:\/\/meriller-vapeur.fr\/wp3\/index.php?rest_route=\/wp\/v2\/types\/post"}],"author":[{"embeddable":true,"href":"https:\/\/meriller-vapeur.fr\/wp3\/index.php?rest_route=\/wp\/v2\/users\/1"}],"replies":[{"embeddable":true,"href":"https:\/\/meriller-vapeur.fr\/wp3\/index.php?rest_route=%2Fwp%2Fv2%2Fcomments&post=12893"}],"version-history":[{"count":0,"href":"https:\/\/meriller-vapeur.fr\/wp3\/index.php?rest_route=\/wp\/v2\/posts\/12893\/revisions"}],"wp:attachment":[{"href":"https:\/\/meriller-vapeur.fr\/wp3\/index.php?rest_route=%2Fwp%2Fv2%2Fmedia&parent=12893"}],"wp:term":[{"taxonomy":"category","embeddable":true,"href":"https:\/\/meriller-vapeur.fr\/wp3\/index.php?rest_route=%2Fwp%2Fv2%2Fcategories&post=12893"},{"taxonomy":"post_tag","embeddable":true,"href":"https:\/\/meriller-vapeur.fr\/wp3\/index.php?rest_route=%2Fwp%2Fv2%2Ftags&post=12893"}],"curies":[{"name":"wp","href":"https:\/\/api.w.org\/{rel}","templated":true}]}}