{"id":12857,"date":"2021-03-17T20:40:34","date_gmt":"2021-03-17T19:40:34","guid":{"rendered":"https:\/\/meriller-vapeur.fr\/wp3\/?p=12857"},"modified":"2021-03-18T09:58:00","modified_gmt":"2021-03-18T08:58:00","slug":"morlaix-le-reseau-breton-par-pierre-perrier","status":"publish","type":"post","link":"https:\/\/meriller-vapeur.fr\/wp3\/?p=12857","title":{"rendered":"Carhaix : le R\u00e9seau breton, par Pierre PERRIER."},"content":{"rendered":"<header class=\"entry-header\">\n<p class=\"entry-title\"><span style=\"font-size: 16px;\">De retour d\u2019un s\u00e9jour armoricain, Pierre Perrier nous adresse ce reportage photos :<\/span><\/p>\n<\/header>\n<div class=\"entry-content\">\n<blockquote><p><em><img loading=\"lazy\" decoding=\"async\" class=\"alignleft size-medium wp-image-12843\" src=\"https:\/\/meriller-vapeur.fr\/wp3\/wp-content\/uploads\/2021\/03\/1-Mallet-Carhaix-1-300x225.jpg\" alt=\"\" width=\"300\" height=\"225\" srcset=\"https:\/\/meriller-vapeur.fr\/wp3\/wp-content\/uploads\/2021\/03\/1-Mallet-Carhaix-1-300x225.jpg 300w, https:\/\/meriller-vapeur.fr\/wp3\/wp-content\/uploads\/2021\/03\/1-Mallet-Carhaix-1-1024x768.jpg 1024w, https:\/\/meriller-vapeur.fr\/wp3\/wp-content\/uploads\/2021\/03\/1-Mallet-Carhaix-1-768x576.jpg 768w, https:\/\/meriller-vapeur.fr\/wp3\/wp-content\/uploads\/2021\/03\/1-Mallet-Carhaix-1-1536x1152.jpg 1536w, https:\/\/meriller-vapeur.fr\/wp3\/wp-content\/uploads\/2021\/03\/1-Mallet-Carhaix-1-2048x1536.jpg 2048w, https:\/\/meriller-vapeur.fr\/wp3\/wp-content\/uploads\/2021\/03\/1-Mallet-Carhaix-1-660x495.jpg 660w\" sizes=\"auto, (max-width: 300px) 100vw, 300px\" \/>Roger et moi avons d\u00e9j\u00e0 eu l\u2019occasion de publier des photos prises \u00e0 Carhaix, et en particulier des images de la petite Mallet du R\u00e9seau Breton. Lors de mon dernier passage le vendredi 12 mars 2021, j\u2019ai fait de nouveaux clich\u00e9s, et j\u2019ai surtout eu le plaisir de voir de mes propres yeux la machine r\u00e9nov\u00e9e et expos\u00e9e sous son auvent art-d\u00e9co.<\/em><\/p>\n<p><i>L\u2019ensemble des vues propos\u00e9es a \u00e9t\u00e9 r\u00e9alis\u00e9\u2026\/&#8230;<\/i><\/p><\/blockquote>\n<p>La suite est \u00e0 voir <a href=\"https:\/\/meriller-vapeur.fr\/wp3\/?page_id=12828\">&gt;&gt;&gt;&gt;&gt;&gt;&gt;ICI<\/a><\/p>\n<\/div>\n<div class=\"pvc_clear\"><\/div>\n<p id=\"pvc_stats_12857\" class=\"pvc_stats all  \" data-element-id=\"12857\" style=\"\"><i class=\"pvc-stats-icon medium\" aria-hidden=\"true\"><svg aria-hidden=\"true\" focusable=\"false\" data-prefix=\"far\" data-icon=\"chart-bar\" role=\"img\" xmlns=\"http:\/\/www.w3.org\/2000\/svg\" viewBox=\"0 0 512 512\" class=\"svg-inline--fa fa-chart-bar fa-w-16 fa-2x\"><path fill=\"currentColor\" d=\"M396.8 352h22.4c6.4 0 12.8-6.4 12.8-12.8V108.8c0-6.4-6.4-12.8-12.8-12.8h-22.4c-6.4 0-12.8 6.4-12.8 12.8v230.4c0 6.4 6.4 12.8 12.8 12.8zm-192 0h22.4c6.4 0 12.8-6.4 12.8-12.8V140.8c0-6.4-6.4-12.8-12.8-12.8h-22.4c-6.4 0-12.8 6.4-12.8 12.8v198.4c0 6.4 6.4 12.8 12.8 12.8zm96 0h22.4c6.4 0 12.8-6.4 12.8-12.8V204.8c0-6.4-6.4-12.8-12.8-12.8h-22.4c-6.4 0-12.8 6.4-12.8 12.8v134.4c0 6.4 6.4 12.8 12.8 12.8zM496 400H48V80c0-8.84-7.16-16-16-16H16C7.16 64 0 71.16 0 80v336c0 17.67 14.33 32 32 32h464c8.84 0 16-7.16 16-16v-16c0-8.84-7.16-16-16-16zm-387.2-48h22.4c6.4 0 12.8-6.4 12.8-12.8v-70.4c0-6.4-6.4-12.8-12.8-12.8h-22.4c-6.4 0-12.8 6.4-12.8 12.8v70.4c0 6.4 6.4 12.8 12.8 12.8z\" class=\"\"><\/path><\/svg><\/i> <img loading=\"lazy\" decoding=\"async\" width=\"16\" height=\"16\" alt=\"Loading\" src=\"https:\/\/meriller-vapeur.fr\/wp3\/wp-content\/plugins\/page-views-count\/ajax-loader-2x.gif\" border=0 \/><\/p>\n<div class=\"pvc_clear\"><\/div>\n","protected":false},"excerpt":{"rendered":"<p>De retour d\u2019un s\u00e9jour armoricain, Pierre Perrier nous adresse ce reportage photos : Roger et moi avons d\u00e9j\u00e0 eu l\u2019occasion de publier des photos prises \u00e0 Carhaix, et en particulier des images de la petite Mallet du R\u00e9seau Breton. Lors de mon dernier passage le vendredi 12 mars 2021, j\u2019ai fait de nouveaux clich\u00e9s, et\u2026 <span class=\"read-more\"><a href=\"https:\/\/meriller-vapeur.fr\/wp3\/?p=12857\">Read More &raquo;<\/a><\/span><\/p>\n<div class=\"pvc_clear\"><\/div>\n<p id=\"pvc_stats_12857\" class=\"pvc_stats all  \" data-element-id=\"12857\" style=\"\"><i class=\"pvc-stats-icon medium\" aria-hidden=\"true\"><svg aria-hidden=\"true\" focusable=\"false\" data-prefix=\"far\" data-icon=\"chart-bar\" role=\"img\" xmlns=\"http:\/\/www.w3.org\/2000\/svg\" viewBox=\"0 0 512 512\" class=\"svg-inline--fa fa-chart-bar fa-w-16 fa-2x\"><path fill=\"currentColor\" d=\"M396.8 352h22.4c6.4 0 12.8-6.4 12.8-12.8V108.8c0-6.4-6.4-12.8-12.8-12.8h-22.4c-6.4 0-12.8 6.4-12.8 12.8v230.4c0 6.4 6.4 12.8 12.8 12.8zm-192 0h22.4c6.4 0 12.8-6.4 12.8-12.8V140.8c0-6.4-6.4-12.8-12.8-12.8h-22.4c-6.4 0-12.8 6.4-12.8 12.8v198.4c0 6.4 6.4 12.8 12.8 12.8zm96 0h22.4c6.4 0 12.8-6.4 12.8-12.8V204.8c0-6.4-6.4-12.8-12.8-12.8h-22.4c-6.4 0-12.8 6.4-12.8 12.8v134.4c0 6.4 6.4 12.8 12.8 12.8zM496 400H48V80c0-8.84-7.16-16-16-16H16C7.16 64 0 71.16 0 80v336c0 17.67 14.33 32 32 32h464c8.84 0 16-7.16 16-16v-16c0-8.84-7.16-16-16-16zm-387.2-48h22.4c6.4 0 12.8-6.4 12.8-12.8v-70.4c0-6.4-6.4-12.8-12.8-12.8h-22.4c-6.4 0-12.8 6.4-12.8 12.8v70.4c0 6.4 6.4 12.8 12.8 12.8z\" class=\"\"><\/path><\/svg><\/i> <img loading=\"lazy\" decoding=\"async\" width=\"16\" height=\"16\" alt=\"Loading\" src=\"https:\/\/meriller-vapeur.fr\/wp3\/wp-content\/plugins\/page-views-count\/ajax-loader-2x.gif\" border=0 \/><\/p>\n<div class=\"pvc_clear\"><\/div>\n","protected":false},"author":1,"featured_media":0,"comment_status":"open","ping_status":"open","sticky":false,"template":"","format":"standard","meta":{"footnotes":""},"categories":[6,31,5,10],"tags":[],"class_list":["post-12857","post","type-post","status-publish","format-standard","hentry","category-doc-ferroviaire","category-patrimoine-ferroviaire","category-photo-du-mois","category-vie-du-club"],"a3_pvc":{"activated":true,"total_views":109,"today_views":0},"_links":{"self":[{"href":"https:\/\/meriller-vapeur.fr\/wp3\/index.php?rest_route=\/wp\/v2\/posts\/12857","targetHints":{"allow":["GET"]}}],"collection":[{"href":"https:\/\/meriller-vapeur.fr\/wp3\/index.php?rest_route=\/wp\/v2\/posts"}],"about":[{"href":"https:\/\/meriller-vapeur.fr\/wp3\/index.php?rest_route=\/wp\/v2\/types\/post"}],"author":[{"embeddable":true,"href":"https:\/\/meriller-vapeur.fr\/wp3\/index.php?rest_route=\/wp\/v2\/users\/1"}],"replies":[{"embeddable":true,"href":"https:\/\/meriller-vapeur.fr\/wp3\/index.php?rest_route=%2Fwp%2Fv2%2Fcomments&post=12857"}],"version-history":[{"count":0,"href":"https:\/\/meriller-vapeur.fr\/wp3\/index.php?rest_route=\/wp\/v2\/posts\/12857\/revisions"}],"wp:attachment":[{"href":"https:\/\/meriller-vapeur.fr\/wp3\/index.php?rest_route=%2Fwp%2Fv2%2Fmedia&parent=12857"}],"wp:term":[{"taxonomy":"category","embeddable":true,"href":"https:\/\/meriller-vapeur.fr\/wp3\/index.php?rest_route=%2Fwp%2Fv2%2Fcategories&post=12857"},{"taxonomy":"post_tag","embeddable":true,"href":"https:\/\/meriller-vapeur.fr\/wp3\/index.php?rest_route=%2Fwp%2Fv2%2Ftags&post=12857"}],"curies":[{"name":"wp","href":"https:\/\/api.w.org\/{rel}","templated":true}]}}