{"id":12818,"date":"2021-03-11T11:56:15","date_gmt":"2021-03-11T10:56:15","guid":{"rendered":"https:\/\/meriller-vapeur.fr\/wp3\/?p=12818"},"modified":"2021-03-12T13:43:30","modified_gmt":"2021-03-12T12:43:30","slug":"appel-au-peuple-locomotive-6065-p-o","status":"publish","type":"post","link":"https:\/\/meriller-vapeur.fr\/wp3\/?p=12818","title":{"rendered":"\u00ab\u00a0Appel Au Peuple\u00a0\u00bb\u00a0: Locomotive 6065 P.O."},"content":{"rendered":"<p><a href=\"https:\/\/meriller-vapeur.fr\/wp3\/wp-content\/uploads\/2020\/03\/logo-entier-avec-tender-MV-2017-DEFINITIF.png\"><img loading=\"lazy\" decoding=\"async\" class=\"alignleft size-medium wp-image-11499\" src=\"https:\/\/meriller-vapeur.fr\/wp3\/wp-content\/uploads\/2020\/03\/logo-entier-avec-tender-MV-2017-DEFINITIF-300x290.png\" alt=\"\" width=\"300\" height=\"290\" srcset=\"https:\/\/meriller-vapeur.fr\/wp3\/wp-content\/uploads\/2020\/03\/logo-entier-avec-tender-MV-2017-DEFINITIF-300x290.png 300w, https:\/\/meriller-vapeur.fr\/wp3\/wp-content\/uploads\/2020\/03\/logo-entier-avec-tender-MV-2017-DEFINITIF-768x742.png 768w, https:\/\/meriller-vapeur.fr\/wp3\/wp-content\/uploads\/2020\/03\/logo-entier-avec-tender-MV-2017-DEFINITIF.png 874w\" sizes=\"auto, (max-width: 300px) 100vw, 300px\" \/><\/a>Mars 2021<\/p>\n<p><i>Destinataires\u00a0: tous les membres de l\u2019Association MERILLER-VAPEUR 24 (pr\u00e9sents et \u00e0 venir\u2026)<\/i><\/p>\n<p>Vous savez tous \u2013 nous en avons parl\u00e9 \u00e0 de nombreuses reprises \u2013 que l\u2019\u00e9tat de notre machine est pr\u00e9occupant. La situation sanitaire (cumul\u00e9e \u00e0 des caprices de la m\u00e9t\u00e9o l\u2019an dernier) ne nous a pas permis d\u2019effectuer en temps et en heure les travaux d\u2019entretien habituels.<\/p>\n<p>En outre, plusieurs d\u2019entre nous font face \u00e0 des probl\u00e8mes de sant\u00e9, et m\u00eame sans cela, nous n\u2019avons plus 20 ans, tous autant que nous sommes.<\/p>\n<p>C\u2019est ce qui nous am\u00e8ne aujourd\u2019hui \u00e0 ratisser plus large. Nous avons donc remis en mairie un communiqu\u00e9, qui sera publi\u00e9 aussi vite que possible, demandant \u00e0 toute personne int\u00e9ress\u00e9e par la protection de notre patrimoine local de venir travailler sur site avec nous.<\/p>\n<p>En second lieu, ceux d\u2019entre vous qui souhaitent \u00ab\u00a0aller au charbon\u00a0\u00bb seront accueillis \u00e0 bras ouverts. Pour participer au chantier qui devrait commencer fin mars \u2013 d\u00e9but avril, <em><strong>nous vous invitons \u00e0 vous inscrire pr\u00e9alablement aupr\u00e8s de Roger MAROUBY qui centralisera les informations.<span class=\"Apple-converted-space\">\u00a0<\/span><\/strong><\/em><\/p>\n<p>D\u2019avance un IMMENSE MERCI<\/p>\n<p>Bien amicalement,<\/p>\n<p>Pierre Am\u00e9d\u00e9e PERRIER,<span class=\"Apple-converted-space\">\u00a0 <\/span>Pr\u00e9sident<\/p>\n<hr \/>\n<p>&nbsp;<\/p>\n<div class=\"pvc_clear\"><\/div>\n<p id=\"pvc_stats_12818\" class=\"pvc_stats all  \" data-element-id=\"12818\" style=\"\"><i class=\"pvc-stats-icon medium\" aria-hidden=\"true\"><svg aria-hidden=\"true\" focusable=\"false\" data-prefix=\"far\" data-icon=\"chart-bar\" role=\"img\" xmlns=\"http:\/\/www.w3.org\/2000\/svg\" viewBox=\"0 0 512 512\" class=\"svg-inline--fa fa-chart-bar fa-w-16 fa-2x\"><path fill=\"currentColor\" d=\"M396.8 352h22.4c6.4 0 12.8-6.4 12.8-12.8V108.8c0-6.4-6.4-12.8-12.8-12.8h-22.4c-6.4 0-12.8 6.4-12.8 12.8v230.4c0 6.4 6.4 12.8 12.8 12.8zm-192 0h22.4c6.4 0 12.8-6.4 12.8-12.8V140.8c0-6.4-6.4-12.8-12.8-12.8h-22.4c-6.4 0-12.8 6.4-12.8 12.8v198.4c0 6.4 6.4 12.8 12.8 12.8zm96 0h22.4c6.4 0 12.8-6.4 12.8-12.8V204.8c0-6.4-6.4-12.8-12.8-12.8h-22.4c-6.4 0-12.8 6.4-12.8 12.8v134.4c0 6.4 6.4 12.8 12.8 12.8zM496 400H48V80c0-8.84-7.16-16-16-16H16C7.16 64 0 71.16 0 80v336c0 17.67 14.33 32 32 32h464c8.84 0 16-7.16 16-16v-16c0-8.84-7.16-16-16-16zm-387.2-48h22.4c6.4 0 12.8-6.4 12.8-12.8v-70.4c0-6.4-6.4-12.8-12.8-12.8h-22.4c-6.4 0-12.8 6.4-12.8 12.8v70.4c0 6.4 6.4 12.8 12.8 12.8z\" class=\"\"><\/path><\/svg><\/i> <img loading=\"lazy\" decoding=\"async\" width=\"16\" height=\"16\" alt=\"Loading\" src=\"https:\/\/meriller-vapeur.fr\/wp3\/wp-content\/plugins\/page-views-count\/ajax-loader-2x.gif\" border=0 \/><\/p>\n<div class=\"pvc_clear\"><\/div>\n","protected":false},"excerpt":{"rendered":"<p>Mars 2021 Destinataires\u00a0: tous les membres de l\u2019Association MERILLER-VAPEUR 24 (pr\u00e9sents et \u00e0 venir\u2026) Vous savez tous \u2013 nous en avons parl\u00e9 \u00e0 de nombreuses reprises \u2013 que l\u2019\u00e9tat de notre machine est pr\u00e9occupant. La situation sanitaire (cumul\u00e9e \u00e0 des caprices de la m\u00e9t\u00e9o l\u2019an dernier) ne nous a pas permis d\u2019effectuer en temps et\u2026 <span class=\"read-more\"><a href=\"https:\/\/meriller-vapeur.fr\/wp3\/?p=12818\">Read More &raquo;<\/a><\/span><\/p>\n<div class=\"pvc_clear\"><\/div>\n<p id=\"pvc_stats_12818\" class=\"pvc_stats all  \" data-element-id=\"12818\" style=\"\"><i class=\"pvc-stats-icon medium\" aria-hidden=\"true\"><svg aria-hidden=\"true\" focusable=\"false\" data-prefix=\"far\" data-icon=\"chart-bar\" role=\"img\" xmlns=\"http:\/\/www.w3.org\/2000\/svg\" viewBox=\"0 0 512 512\" class=\"svg-inline--fa fa-chart-bar fa-w-16 fa-2x\"><path fill=\"currentColor\" d=\"M396.8 352h22.4c6.4 0 12.8-6.4 12.8-12.8V108.8c0-6.4-6.4-12.8-12.8-12.8h-22.4c-6.4 0-12.8 6.4-12.8 12.8v230.4c0 6.4 6.4 12.8 12.8 12.8zm-192 0h22.4c6.4 0 12.8-6.4 12.8-12.8V140.8c0-6.4-6.4-12.8-12.8-12.8h-22.4c-6.4 0-12.8 6.4-12.8 12.8v198.4c0 6.4 6.4 12.8 12.8 12.8zm96 0h22.4c6.4 0 12.8-6.4 12.8-12.8V204.8c0-6.4-6.4-12.8-12.8-12.8h-22.4c-6.4 0-12.8 6.4-12.8 12.8v134.4c0 6.4 6.4 12.8 12.8 12.8zM496 400H48V80c0-8.84-7.16-16-16-16H16C7.16 64 0 71.16 0 80v336c0 17.67 14.33 32 32 32h464c8.84 0 16-7.16 16-16v-16c0-8.84-7.16-16-16-16zm-387.2-48h22.4c6.4 0 12.8-6.4 12.8-12.8v-70.4c0-6.4-6.4-12.8-12.8-12.8h-22.4c-6.4 0-12.8 6.4-12.8 12.8v70.4c0 6.4 6.4 12.8 12.8 12.8z\" class=\"\"><\/path><\/svg><\/i> <img loading=\"lazy\" decoding=\"async\" width=\"16\" height=\"16\" alt=\"Loading\" src=\"https:\/\/meriller-vapeur.fr\/wp3\/wp-content\/plugins\/page-views-count\/ajax-loader-2x.gif\" border=0 \/><\/p>\n<div class=\"pvc_clear\"><\/div>\n","protected":false},"author":1,"featured_media":0,"comment_status":"open","ping_status":"open","sticky":false,"template":"","format":"standard","meta":{"footnotes":""},"categories":[11,4,31,39,37,10],"tags":[],"class_list":["post-12818","post","type-post","status-publish","format-standard","hentry","category-ateliers","category-news","category-patrimoine-ferroviaire","category-petites-annonces","category-rond-point-meriller","category-vie-du-club"],"a3_pvc":{"activated":true,"total_views":110,"today_views":0},"_links":{"self":[{"href":"https:\/\/meriller-vapeur.fr\/wp3\/index.php?rest_route=\/wp\/v2\/posts\/12818","targetHints":{"allow":["GET"]}}],"collection":[{"href":"https:\/\/meriller-vapeur.fr\/wp3\/index.php?rest_route=\/wp\/v2\/posts"}],"about":[{"href":"https:\/\/meriller-vapeur.fr\/wp3\/index.php?rest_route=\/wp\/v2\/types\/post"}],"author":[{"embeddable":true,"href":"https:\/\/meriller-vapeur.fr\/wp3\/index.php?rest_route=\/wp\/v2\/users\/1"}],"replies":[{"embeddable":true,"href":"https:\/\/meriller-vapeur.fr\/wp3\/index.php?rest_route=%2Fwp%2Fv2%2Fcomments&post=12818"}],"version-history":[{"count":0,"href":"https:\/\/meriller-vapeur.fr\/wp3\/index.php?rest_route=\/wp\/v2\/posts\/12818\/revisions"}],"wp:attachment":[{"href":"https:\/\/meriller-vapeur.fr\/wp3\/index.php?rest_route=%2Fwp%2Fv2%2Fmedia&parent=12818"}],"wp:term":[{"taxonomy":"category","embeddable":true,"href":"https:\/\/meriller-vapeur.fr\/wp3\/index.php?rest_route=%2Fwp%2Fv2%2Fcategories&post=12818"},{"taxonomy":"post_tag","embeddable":true,"href":"https:\/\/meriller-vapeur.fr\/wp3\/index.php?rest_route=%2Fwp%2Fv2%2Ftags&post=12818"}],"curies":[{"name":"wp","href":"https:\/\/api.w.org\/{rel}","templated":true}]}}