{"id":12777,"date":"2021-01-07T12:42:33","date_gmt":"2021-01-07T11:42:33","guid":{"rendered":"https:\/\/meriller-vapeur.fr\/wp3\/?p=12777"},"modified":"2021-01-07T15:14:41","modified_gmt":"2021-01-07T14:14:41","slug":"lassemblee-generale-du-23-janvier-2021-est-reportee-a-une-date-ulterieure","status":"publish","type":"post","link":"https:\/\/meriller-vapeur.fr\/wp3\/?p=12777","title":{"rendered":"L\u2019Assembl\u00e9e G\u00e9n\u00e9rale du 23 janvier 2021 est report\u00e9e \u00e0 une date ult\u00e9rieure."},"content":{"rendered":"<h1><img loading=\"lazy\" decoding=\"async\" class=\"alignleft size-thumbnail wp-image-11499\" src=\"https:\/\/meriller-vapeur.fr\/wp3\/wp-content\/uploads\/2020\/03\/logo-entier-avec-tender-MV-2017-DEFINITIF-150x150.png\" alt=\"\" width=\"150\" height=\"150\" \/>IMPORTANT !<\/h1>\n<p>Nous recevons ce jour une Note d\u2019Information du Pr\u00e9sident de Meriller-Vapeur 24, Pierre PERRIER, dont voici le contenu int\u00e9gral :<\/p>\n<blockquote><p><em><b>NOTE D\u2019INFORMATION A TOUTES ET TOUS<\/b><\/em><\/p>\n<p><em>Le 07 janvier 2021<span class=\"Apple-converted-space\">\u00a0<\/span><\/em><\/p>\n<p><em>Bonjour tout le monde,<\/em><\/p>\n<p><em>Nous vous avons d\u00e9j\u00e0 annonc\u00e9 que notre Assembl\u00e9e G\u00e9n\u00e9rale devant rendre compte des activit\u00e9s en 2020 \u00e9tait programm\u00e9e<span class=\"Apple-converted-space\">\u00a0 <\/span>pour le 23 janvier 2021 \u00e0 10 H 00 \u00e0 la salle G\u00e9rard Philipe.<\/em><\/p>\n<p><em>En revanche\u00a0les conditions sanitaires sont toujours tr\u00e8s al\u00e9atoires. Qui plus est les textes officiels nous permettent de repousser notre AG.<\/em><\/p>\n<p><em>C\u2019est donc ce que nous allons faire, dans le respect des r\u00e8gles de prudence que nous nous effor\u00e7ons de respecter autant que possible.<\/em><\/p>\n<p><em>Le bureau \u00e9tudiera aussi vite que possible les solutions de remplacement \u00e0 mettre en \u0153uvre et vous en tiendra inform\u00e9s. D\u2019ici l\u00e0 nous vous renouvelons nos v\u0153ux les plus sinc\u00e8res pour 2021, en esp\u00e9rant que les mois \u00e0 venir nous permettront de reprendre des activit\u00e9s plus agr\u00e9ables que ce que nous vivons actuellement.<\/em><\/p>\n<p><em>Bien \u00e0 vous,<\/em><\/p>\n<p style=\"text-align: center;\"><em>Roger MAROUBY \u00a0 \u00a0 \u00a0 \u00a0 \u00a0 \u00a0 \u00a0 \u00a0 \u00a0 \u00a0 \u00a0 \u00a0 \u00a0 \u00a0 \u00a0 \u00a0 \u00a0 \u00a0 \u00a0Pierre-Am\u00e9d\u00e9e PERRIER<\/em><\/p>\n<p style=\"text-align: center;\"><em>Vice-Pr\u00e9sident \u00a0 \u00a0 \u00a0 \u00a0 \u00a0 \u00a0 \u00a0 \u00a0 \u00a0 \u00a0 \u00a0 \u00a0 \u00a0 \u00a0 \u00a0 \u00a0 \u00a0 \u00a0 \u00a0 \u00a0 \u00a0 \u00a0 \u00a0 \u00a0 \u00a0 \u00a0 \u00a0 \u00a0 \u00a0 \u00a0 \u00a0 \u00a0 Pr\u00e9sident<\/em><\/p>\n<\/blockquote>\n<div class=\"pvc_clear\"><\/div>\n<p id=\"pvc_stats_12777\" class=\"pvc_stats all  \" data-element-id=\"12777\" style=\"\"><i class=\"pvc-stats-icon medium\" aria-hidden=\"true\"><svg aria-hidden=\"true\" focusable=\"false\" data-prefix=\"far\" data-icon=\"chart-bar\" role=\"img\" xmlns=\"http:\/\/www.w3.org\/2000\/svg\" viewBox=\"0 0 512 512\" class=\"svg-inline--fa fa-chart-bar fa-w-16 fa-2x\"><path fill=\"currentColor\" d=\"M396.8 352h22.4c6.4 0 12.8-6.4 12.8-12.8V108.8c0-6.4-6.4-12.8-12.8-12.8h-22.4c-6.4 0-12.8 6.4-12.8 12.8v230.4c0 6.4 6.4 12.8 12.8 12.8zm-192 0h22.4c6.4 0 12.8-6.4 12.8-12.8V140.8c0-6.4-6.4-12.8-12.8-12.8h-22.4c-6.4 0-12.8 6.4-12.8 12.8v198.4c0 6.4 6.4 12.8 12.8 12.8zm96 0h22.4c6.4 0 12.8-6.4 12.8-12.8V204.8c0-6.4-6.4-12.8-12.8-12.8h-22.4c-6.4 0-12.8 6.4-12.8 12.8v134.4c0 6.4 6.4 12.8 12.8 12.8zM496 400H48V80c0-8.84-7.16-16-16-16H16C7.16 64 0 71.16 0 80v336c0 17.67 14.33 32 32 32h464c8.84 0 16-7.16 16-16v-16c0-8.84-7.16-16-16-16zm-387.2-48h22.4c6.4 0 12.8-6.4 12.8-12.8v-70.4c0-6.4-6.4-12.8-12.8-12.8h-22.4c-6.4 0-12.8 6.4-12.8 12.8v70.4c0 6.4 6.4 12.8 12.8 12.8z\" class=\"\"><\/path><\/svg><\/i> <img loading=\"lazy\" decoding=\"async\" width=\"16\" height=\"16\" alt=\"Loading\" src=\"https:\/\/meriller-vapeur.fr\/wp3\/wp-content\/plugins\/page-views-count\/ajax-loader-2x.gif\" border=0 \/><\/p>\n<div class=\"pvc_clear\"><\/div>\n","protected":false},"excerpt":{"rendered":"<p>IMPORTANT ! Nous recevons ce jour une Note d\u2019Information du Pr\u00e9sident de Meriller-Vapeur 24, Pierre PERRIER, dont voici le contenu int\u00e9gral : NOTE D\u2019INFORMATION A TOUTES ET TOUS Le 07 janvier 2021\u00a0 Bonjour tout le monde, Nous vous avons d\u00e9j\u00e0 annonc\u00e9 que notre Assembl\u00e9e G\u00e9n\u00e9rale devant rendre compte des activit\u00e9s en 2020 \u00e9tait programm\u00e9e\u00a0 pour\u2026 <span class=\"read-more\"><a href=\"https:\/\/meriller-vapeur.fr\/wp3\/?p=12777\">Read More &raquo;<\/a><\/span><\/p>\n<div class=\"pvc_clear\"><\/div>\n<p id=\"pvc_stats_12777\" class=\"pvc_stats all  \" data-element-id=\"12777\" style=\"\"><i class=\"pvc-stats-icon medium\" aria-hidden=\"true\"><svg aria-hidden=\"true\" focusable=\"false\" data-prefix=\"far\" data-icon=\"chart-bar\" role=\"img\" xmlns=\"http:\/\/www.w3.org\/2000\/svg\" viewBox=\"0 0 512 512\" class=\"svg-inline--fa fa-chart-bar fa-w-16 fa-2x\"><path fill=\"currentColor\" d=\"M396.8 352h22.4c6.4 0 12.8-6.4 12.8-12.8V108.8c0-6.4-6.4-12.8-12.8-12.8h-22.4c-6.4 0-12.8 6.4-12.8 12.8v230.4c0 6.4 6.4 12.8 12.8 12.8zm-192 0h22.4c6.4 0 12.8-6.4 12.8-12.8V140.8c0-6.4-6.4-12.8-12.8-12.8h-22.4c-6.4 0-12.8 6.4-12.8 12.8v198.4c0 6.4 6.4 12.8 12.8 12.8zm96 0h22.4c6.4 0 12.8-6.4 12.8-12.8V204.8c0-6.4-6.4-12.8-12.8-12.8h-22.4c-6.4 0-12.8 6.4-12.8 12.8v134.4c0 6.4 6.4 12.8 12.8 12.8zM496 400H48V80c0-8.84-7.16-16-16-16H16C7.16 64 0 71.16 0 80v336c0 17.67 14.33 32 32 32h464c8.84 0 16-7.16 16-16v-16c0-8.84-7.16-16-16-16zm-387.2-48h22.4c6.4 0 12.8-6.4 12.8-12.8v-70.4c0-6.4-6.4-12.8-12.8-12.8h-22.4c-6.4 0-12.8 6.4-12.8 12.8v70.4c0 6.4 6.4 12.8 12.8 12.8z\" class=\"\"><\/path><\/svg><\/i> <img loading=\"lazy\" decoding=\"async\" width=\"16\" height=\"16\" alt=\"Loading\" src=\"https:\/\/meriller-vapeur.fr\/wp3\/wp-content\/plugins\/page-views-count\/ajax-loader-2x.gif\" border=0 \/><\/p>\n<div class=\"pvc_clear\"><\/div>\n","protected":false},"author":1,"featured_media":0,"comment_status":"open","ping_status":"open","sticky":false,"template":"","format":"standard","meta":{"footnotes":""},"categories":[4,10],"tags":[],"class_list":["post-12777","post","type-post","status-publish","format-standard","hentry","category-news","category-vie-du-club"],"a3_pvc":{"activated":true,"total_views":83,"today_views":0},"_links":{"self":[{"href":"https:\/\/meriller-vapeur.fr\/wp3\/index.php?rest_route=\/wp\/v2\/posts\/12777","targetHints":{"allow":["GET"]}}],"collection":[{"href":"https:\/\/meriller-vapeur.fr\/wp3\/index.php?rest_route=\/wp\/v2\/posts"}],"about":[{"href":"https:\/\/meriller-vapeur.fr\/wp3\/index.php?rest_route=\/wp\/v2\/types\/post"}],"author":[{"embeddable":true,"href":"https:\/\/meriller-vapeur.fr\/wp3\/index.php?rest_route=\/wp\/v2\/users\/1"}],"replies":[{"embeddable":true,"href":"https:\/\/meriller-vapeur.fr\/wp3\/index.php?rest_route=%2Fwp%2Fv2%2Fcomments&post=12777"}],"version-history":[{"count":0,"href":"https:\/\/meriller-vapeur.fr\/wp3\/index.php?rest_route=\/wp\/v2\/posts\/12777\/revisions"}],"wp:attachment":[{"href":"https:\/\/meriller-vapeur.fr\/wp3\/index.php?rest_route=%2Fwp%2Fv2%2Fmedia&parent=12777"}],"wp:term":[{"taxonomy":"category","embeddable":true,"href":"https:\/\/meriller-vapeur.fr\/wp3\/index.php?rest_route=%2Fwp%2Fv2%2Fcategories&post=12777"},{"taxonomy":"post_tag","embeddable":true,"href":"https:\/\/meriller-vapeur.fr\/wp3\/index.php?rest_route=%2Fwp%2Fv2%2Ftags&post=12777"}],"curies":[{"name":"wp","href":"https:\/\/api.w.org\/{rel}","templated":true}]}}