{"id":12695,"date":"2020-10-29T20:44:07","date_gmt":"2020-10-29T19:44:07","guid":{"rendered":"https:\/\/meriller-vapeur.fr\/wp3\/?p=12695"},"modified":"2020-10-30T14:55:21","modified_gmt":"2020-10-30T13:55:21","slug":"nouvelle-fermeture-du-local-de-meriller-vapeur-24","status":"publish","type":"post","link":"https:\/\/meriller-vapeur.fr\/wp3\/?p=12695","title":{"rendered":"Nouvelle fermeture du Local de Meriller-Vapeur 24"},"content":{"rendered":"<p>Apr\u00e8s les annonces du reconfinement\u00a0du 29 octobre 2020, le Pr\u00e9sident vous informe :<\/p>\n<blockquote>\n<p style=\"text-align: justify;\"><em>\u00ab\u00a0Vous avez entendu hier soir les mesures prises par les pouvoirs publics et annonc\u00e9es par Monsieur le Pr\u00e9sident de la R\u00e9publique.<\/em><br \/>\n<em>Dans le souci de respecter ces nouvelles consignes, <strong>NOUS SOMMES CONTRAINTS DE D\u00c9CIDER D\u00c8S \u00c0 PR\u00c9SENT LA FERMETURE DU LOCAL<\/strong>,\u00a0ce que la Mairie ne manquera pas de confirmer.\u00a0<\/em><i>Dans le cadre de ce second confinement, nous prendrons de vos nouvelles aussi r\u00e9guli\u00e8rement que possible, en attendant des jours meilleurs. <strong>N\u2019h\u00e9sitez pas \u00e0 visiter r\u00e9guli\u00e8rement VOTRE site Internet, \u00a0<\/strong>vous y trouverez les derni\u00e8res nouvelles, que nous nous effor\u00e7ons de mettre \u00e0 jour en temps r\u00e9el.<\/i><br \/>\n<em>D&rsquo;ici l\u00e0, continuez \u00e0 prendre soin de vos proches et de vous-m\u00eames.<\/em><\/p>\n<p><em>Bien \u00e0 vous,<\/em><\/p>\n<p style=\"text-align: right;\"><em>Pierre Am\u00e9d\u00e9e PERRIER<\/em><\/p>\n<p style=\"text-align: right;\"><em>Pr\u00e9sident\u00a0\u00bb<\/em><strong style=\"text-align: center;\">\u00a0<\/strong><\/p>\n<\/blockquote>\n<div class=\"pvc_clear\"><\/div>\n<p id=\"pvc_stats_12695\" class=\"pvc_stats all  \" data-element-id=\"12695\" style=\"\"><i class=\"pvc-stats-icon medium\" aria-hidden=\"true\"><svg aria-hidden=\"true\" focusable=\"false\" data-prefix=\"far\" data-icon=\"chart-bar\" role=\"img\" xmlns=\"http:\/\/www.w3.org\/2000\/svg\" viewBox=\"0 0 512 512\" class=\"svg-inline--fa fa-chart-bar fa-w-16 fa-2x\"><path fill=\"currentColor\" d=\"M396.8 352h22.4c6.4 0 12.8-6.4 12.8-12.8V108.8c0-6.4-6.4-12.8-12.8-12.8h-22.4c-6.4 0-12.8 6.4-12.8 12.8v230.4c0 6.4 6.4 12.8 12.8 12.8zm-192 0h22.4c6.4 0 12.8-6.4 12.8-12.8V140.8c0-6.4-6.4-12.8-12.8-12.8h-22.4c-6.4 0-12.8 6.4-12.8 12.8v198.4c0 6.4 6.4 12.8 12.8 12.8zm96 0h22.4c6.4 0 12.8-6.4 12.8-12.8V204.8c0-6.4-6.4-12.8-12.8-12.8h-22.4c-6.4 0-12.8 6.4-12.8 12.8v134.4c0 6.4 6.4 12.8 12.8 12.8zM496 400H48V80c0-8.84-7.16-16-16-16H16C7.16 64 0 71.16 0 80v336c0 17.67 14.33 32 32 32h464c8.84 0 16-7.16 16-16v-16c0-8.84-7.16-16-16-16zm-387.2-48h22.4c6.4 0 12.8-6.4 12.8-12.8v-70.4c0-6.4-6.4-12.8-12.8-12.8h-22.4c-6.4 0-12.8 6.4-12.8 12.8v70.4c0 6.4 6.4 12.8 12.8 12.8z\" class=\"\"><\/path><\/svg><\/i> <img loading=\"lazy\" decoding=\"async\" width=\"16\" height=\"16\" alt=\"Loading\" src=\"https:\/\/meriller-vapeur.fr\/wp3\/wp-content\/plugins\/page-views-count\/ajax-loader-2x.gif\" border=0 \/><\/p>\n<div class=\"pvc_clear\"><\/div>\n","protected":false},"excerpt":{"rendered":"<p>Apr\u00e8s les annonces du reconfinement\u00a0du 29 octobre 2020, le Pr\u00e9sident vous informe : \u00ab\u00a0Vous avez entendu hier soir les mesures prises par les pouvoirs publics et annonc\u00e9es par Monsieur le Pr\u00e9sident de la R\u00e9publique. Dans le souci de respecter ces nouvelles consignes, NOUS SOMMES CONTRAINTS DE D\u00c9CIDER D\u00c8S \u00c0 PR\u00c9SENT LA FERMETURE DU LOCAL,\u00a0ce que\u2026 <span class=\"read-more\"><a href=\"https:\/\/meriller-vapeur.fr\/wp3\/?p=12695\">Read More &raquo;<\/a><\/span><\/p>\n<div class=\"pvc_clear\"><\/div>\n<p id=\"pvc_stats_12695\" class=\"pvc_stats all  \" data-element-id=\"12695\" style=\"\"><i class=\"pvc-stats-icon medium\" aria-hidden=\"true\"><svg aria-hidden=\"true\" focusable=\"false\" data-prefix=\"far\" data-icon=\"chart-bar\" role=\"img\" xmlns=\"http:\/\/www.w3.org\/2000\/svg\" viewBox=\"0 0 512 512\" class=\"svg-inline--fa fa-chart-bar fa-w-16 fa-2x\"><path fill=\"currentColor\" d=\"M396.8 352h22.4c6.4 0 12.8-6.4 12.8-12.8V108.8c0-6.4-6.4-12.8-12.8-12.8h-22.4c-6.4 0-12.8 6.4-12.8 12.8v230.4c0 6.4 6.4 12.8 12.8 12.8zm-192 0h22.4c6.4 0 12.8-6.4 12.8-12.8V140.8c0-6.4-6.4-12.8-12.8-12.8h-22.4c-6.4 0-12.8 6.4-12.8 12.8v198.4c0 6.4 6.4 12.8 12.8 12.8zm96 0h22.4c6.4 0 12.8-6.4 12.8-12.8V204.8c0-6.4-6.4-12.8-12.8-12.8h-22.4c-6.4 0-12.8 6.4-12.8 12.8v134.4c0 6.4 6.4 12.8 12.8 12.8zM496 400H48V80c0-8.84-7.16-16-16-16H16C7.16 64 0 71.16 0 80v336c0 17.67 14.33 32 32 32h464c8.84 0 16-7.16 16-16v-16c0-8.84-7.16-16-16-16zm-387.2-48h22.4c6.4 0 12.8-6.4 12.8-12.8v-70.4c0-6.4-6.4-12.8-12.8-12.8h-22.4c-6.4 0-12.8 6.4-12.8 12.8v70.4c0 6.4 6.4 12.8 12.8 12.8z\" class=\"\"><\/path><\/svg><\/i> <img loading=\"lazy\" decoding=\"async\" width=\"16\" height=\"16\" alt=\"Loading\" src=\"https:\/\/meriller-vapeur.fr\/wp3\/wp-content\/plugins\/page-views-count\/ajax-loader-2x.gif\" border=0 \/><\/p>\n<div class=\"pvc_clear\"><\/div>\n","protected":false},"author":1,"featured_media":0,"comment_status":"open","ping_status":"open","sticky":false,"template":"","format":"standard","meta":{"footnotes":""},"categories":[4,10],"tags":[],"class_list":["post-12695","post","type-post","status-publish","format-standard","hentry","category-news","category-vie-du-club"],"a3_pvc":{"activated":true,"total_views":99,"today_views":0},"_links":{"self":[{"href":"https:\/\/meriller-vapeur.fr\/wp3\/index.php?rest_route=\/wp\/v2\/posts\/12695","targetHints":{"allow":["GET"]}}],"collection":[{"href":"https:\/\/meriller-vapeur.fr\/wp3\/index.php?rest_route=\/wp\/v2\/posts"}],"about":[{"href":"https:\/\/meriller-vapeur.fr\/wp3\/index.php?rest_route=\/wp\/v2\/types\/post"}],"author":[{"embeddable":true,"href":"https:\/\/meriller-vapeur.fr\/wp3\/index.php?rest_route=\/wp\/v2\/users\/1"}],"replies":[{"embeddable":true,"href":"https:\/\/meriller-vapeur.fr\/wp3\/index.php?rest_route=%2Fwp%2Fv2%2Fcomments&post=12695"}],"version-history":[{"count":0,"href":"https:\/\/meriller-vapeur.fr\/wp3\/index.php?rest_route=\/wp\/v2\/posts\/12695\/revisions"}],"wp:attachment":[{"href":"https:\/\/meriller-vapeur.fr\/wp3\/index.php?rest_route=%2Fwp%2Fv2%2Fmedia&parent=12695"}],"wp:term":[{"taxonomy":"category","embeddable":true,"href":"https:\/\/meriller-vapeur.fr\/wp3\/index.php?rest_route=%2Fwp%2Fv2%2Fcategories&post=12695"},{"taxonomy":"post_tag","embeddable":true,"href":"https:\/\/meriller-vapeur.fr\/wp3\/index.php?rest_route=%2Fwp%2Fv2%2Ftags&post=12695"}],"curies":[{"name":"wp","href":"https:\/\/api.w.org\/{rel}","templated":true}]}}