{"id":11064,"date":"2020-01-06T14:32:39","date_gmt":"2020-01-06T13:32:39","guid":{"rendered":"https:\/\/meriller-vapeur.fr\/wp3\/?p=11064"},"modified":"2020-01-06T17:40:36","modified_gmt":"2020-01-06T16:40:36","slug":"assemblee-generale-2020-de-votre-association-meriller-vapeur-24","status":"publish","type":"post","link":"https:\/\/meriller-vapeur.fr\/wp3\/?p=11064","title":{"rendered":"Assembl\u00e9e G\u00e9n\u00e9rale 2020 de votre Association Meriller-Vapeur 24."},"content":{"rendered":"<p><span class=\"Apple-converted-space\"><img loading=\"lazy\" decoding=\"async\" class=\"size-full wp-image-11065 alignleft\" src=\"https:\/\/meriller-vapeur.fr\/wp3\/wp-content\/uploads\/2019\/12\/logo-entier-avec-tender-MV-2017-DEFINITIF-smal.jpg\" alt=\"\" width=\"219\" height=\"211\" \/><\/span>Lors de sa r\u00e9cente r\u00e9union, le Bureau de l\u2019Association a confirm\u00e9 la date de notre prochaine Assembl\u00e9e G\u00e9n\u00e9rale :<\/p>\n<p style=\"text-align: center;\"><em><strong>SAMEDI 18 Janvier 2020 \u00e0 10h00 pr\u00e9cises,<\/strong><\/em><br \/>\n<em><strong>\u00e0 la MAISON DES ASSOCIATIONS<\/strong><\/em><br \/>\n<em><strong>354 Avenue Churchill &#8211; Coulounieix-Chamiers<\/strong><\/em><\/p>\n<p>Merci d\u2019en prendre note d\u00e8s maintenant !<\/p>\n<p><b>CANDIDATURES<\/b> :<span class=\"Apple-converted-space\">\u00a0Plusieurs postes du C.A. seront\u00a0renouvel\u00e9s, on\u00a0<\/span>peut d\u00e8s maintenant faire acte de candidature aupr\u00e8s du conseil d\u2019administration, par lettre ou par courriel.<\/p>\n<div class=\"pvc_clear\"><\/div>\n<p id=\"pvc_stats_11064\" class=\"pvc_stats all  \" data-element-id=\"11064\" style=\"\"><i class=\"pvc-stats-icon medium\" aria-hidden=\"true\"><svg aria-hidden=\"true\" focusable=\"false\" data-prefix=\"far\" data-icon=\"chart-bar\" role=\"img\" xmlns=\"http:\/\/www.w3.org\/2000\/svg\" viewBox=\"0 0 512 512\" class=\"svg-inline--fa fa-chart-bar fa-w-16 fa-2x\"><path fill=\"currentColor\" d=\"M396.8 352h22.4c6.4 0 12.8-6.4 12.8-12.8V108.8c0-6.4-6.4-12.8-12.8-12.8h-22.4c-6.4 0-12.8 6.4-12.8 12.8v230.4c0 6.4 6.4 12.8 12.8 12.8zm-192 0h22.4c6.4 0 12.8-6.4 12.8-12.8V140.8c0-6.4-6.4-12.8-12.8-12.8h-22.4c-6.4 0-12.8 6.4-12.8 12.8v198.4c0 6.4 6.4 12.8 12.8 12.8zm96 0h22.4c6.4 0 12.8-6.4 12.8-12.8V204.8c0-6.4-6.4-12.8-12.8-12.8h-22.4c-6.4 0-12.8 6.4-12.8 12.8v134.4c0 6.4 6.4 12.8 12.8 12.8zM496 400H48V80c0-8.84-7.16-16-16-16H16C7.16 64 0 71.16 0 80v336c0 17.67 14.33 32 32 32h464c8.84 0 16-7.16 16-16v-16c0-8.84-7.16-16-16-16zm-387.2-48h22.4c6.4 0 12.8-6.4 12.8-12.8v-70.4c0-6.4-6.4-12.8-12.8-12.8h-22.4c-6.4 0-12.8 6.4-12.8 12.8v70.4c0 6.4 6.4 12.8 12.8 12.8z\" class=\"\"><\/path><\/svg><\/i> <img loading=\"lazy\" decoding=\"async\" width=\"16\" height=\"16\" alt=\"Loading\" src=\"https:\/\/meriller-vapeur.fr\/wp3\/wp-content\/plugins\/page-views-count\/ajax-loader-2x.gif\" border=0 \/><\/p>\n<div class=\"pvc_clear\"><\/div>\n","protected":false},"excerpt":{"rendered":"<p>Lors de sa r\u00e9cente r\u00e9union, le Bureau de l\u2019Association a confirm\u00e9 la date de notre prochaine Assembl\u00e9e G\u00e9n\u00e9rale : SAMEDI 18 Janvier 2020 \u00e0 10h00 pr\u00e9cises, \u00e0 la MAISON DES ASSOCIATIONS 354 Avenue Churchill &#8211; Coulounieix-Chamiers Merci d\u2019en prendre note d\u00e8s maintenant ! CANDIDATURES :\u00a0Plusieurs postes du C.A. seront\u00a0renouvel\u00e9s, on\u00a0peut d\u00e8s maintenant faire acte de\u2026 <span class=\"read-more\"><a href=\"https:\/\/meriller-vapeur.fr\/wp3\/?p=11064\">Read More &raquo;<\/a><\/span><\/p>\n<div class=\"pvc_clear\"><\/div>\n<p id=\"pvc_stats_11064\" class=\"pvc_stats all  \" data-element-id=\"11064\" style=\"\"><i class=\"pvc-stats-icon medium\" aria-hidden=\"true\"><svg aria-hidden=\"true\" focusable=\"false\" data-prefix=\"far\" data-icon=\"chart-bar\" role=\"img\" xmlns=\"http:\/\/www.w3.org\/2000\/svg\" viewBox=\"0 0 512 512\" class=\"svg-inline--fa fa-chart-bar fa-w-16 fa-2x\"><path fill=\"currentColor\" d=\"M396.8 352h22.4c6.4 0 12.8-6.4 12.8-12.8V108.8c0-6.4-6.4-12.8-12.8-12.8h-22.4c-6.4 0-12.8 6.4-12.8 12.8v230.4c0 6.4 6.4 12.8 12.8 12.8zm-192 0h22.4c6.4 0 12.8-6.4 12.8-12.8V140.8c0-6.4-6.4-12.8-12.8-12.8h-22.4c-6.4 0-12.8 6.4-12.8 12.8v198.4c0 6.4 6.4 12.8 12.8 12.8zm96 0h22.4c6.4 0 12.8-6.4 12.8-12.8V204.8c0-6.4-6.4-12.8-12.8-12.8h-22.4c-6.4 0-12.8 6.4-12.8 12.8v134.4c0 6.4 6.4 12.8 12.8 12.8zM496 400H48V80c0-8.84-7.16-16-16-16H16C7.16 64 0 71.16 0 80v336c0 17.67 14.33 32 32 32h464c8.84 0 16-7.16 16-16v-16c0-8.84-7.16-16-16-16zm-387.2-48h22.4c6.4 0 12.8-6.4 12.8-12.8v-70.4c0-6.4-6.4-12.8-12.8-12.8h-22.4c-6.4 0-12.8 6.4-12.8 12.8v70.4c0 6.4 6.4 12.8 12.8 12.8z\" class=\"\"><\/path><\/svg><\/i> <img loading=\"lazy\" decoding=\"async\" width=\"16\" height=\"16\" alt=\"Loading\" src=\"https:\/\/meriller-vapeur.fr\/wp3\/wp-content\/plugins\/page-views-count\/ajax-loader-2x.gif\" border=0 \/><\/p>\n<div class=\"pvc_clear\"><\/div>\n","protected":false},"author":1,"featured_media":0,"comment_status":"open","ping_status":"open","sticky":false,"template":"","format":"image","meta":{"footnotes":""},"categories":[4,10],"tags":[],"class_list":["post-11064","post","type-post","status-publish","format-image","hentry","category-news","category-vie-du-club","post_format-post-format-image"],"a3_pvc":{"activated":true,"total_views":88,"today_views":0},"_links":{"self":[{"href":"https:\/\/meriller-vapeur.fr\/wp3\/index.php?rest_route=\/wp\/v2\/posts\/11064","targetHints":{"allow":["GET"]}}],"collection":[{"href":"https:\/\/meriller-vapeur.fr\/wp3\/index.php?rest_route=\/wp\/v2\/posts"}],"about":[{"href":"https:\/\/meriller-vapeur.fr\/wp3\/index.php?rest_route=\/wp\/v2\/types\/post"}],"author":[{"embeddable":true,"href":"https:\/\/meriller-vapeur.fr\/wp3\/index.php?rest_route=\/wp\/v2\/users\/1"}],"replies":[{"embeddable":true,"href":"https:\/\/meriller-vapeur.fr\/wp3\/index.php?rest_route=%2Fwp%2Fv2%2Fcomments&post=11064"}],"version-history":[{"count":0,"href":"https:\/\/meriller-vapeur.fr\/wp3\/index.php?rest_route=\/wp\/v2\/posts\/11064\/revisions"}],"wp:attachment":[{"href":"https:\/\/meriller-vapeur.fr\/wp3\/index.php?rest_route=%2Fwp%2Fv2%2Fmedia&parent=11064"}],"wp:term":[{"taxonomy":"category","embeddable":true,"href":"https:\/\/meriller-vapeur.fr\/wp3\/index.php?rest_route=%2Fwp%2Fv2%2Fcategories&post=11064"},{"taxonomy":"post_tag","embeddable":true,"href":"https:\/\/meriller-vapeur.fr\/wp3\/index.php?rest_route=%2Fwp%2Fv2%2Ftags&post=11064"}],"curies":[{"name":"wp","href":"https:\/\/api.w.org\/{rel}","templated":true}]}}