{"id":11057,"date":"2019-12-17T17:58:40","date_gmt":"2019-12-17T16:58:40","guid":{"rendered":"https:\/\/meriller-vapeur.fr\/wp3\/?p=11057"},"modified":"2019-12-17T17:59:14","modified_gmt":"2019-12-17T16:59:14","slug":"restauration-dune-grue-ferroviaire-5-la-mise-en-peinture-de-la-grue-decembre-2019","status":"publish","type":"post","link":"https:\/\/meriller-vapeur.fr\/wp3\/?p=11057","title":{"rendered":"Restauration d\u2019une grue ferroviaire (5) : La mise en peinture de la Grue, d\u00e9cembre 2019."},"content":{"rendered":"<div id=\"attachment_11036\" style=\"width: 310px\" class=\"wp-caption alignleft\"><img loading=\"lazy\" decoding=\"async\" aria-describedby=\"caption-attachment-11036\" class=\"size-medium wp-image-11036\" src=\"https:\/\/meriller-vapeur.fr\/wp3\/wp-content\/uploads\/2019\/12\/3-DSC02403-Cartouche-reproduit-fid\u00e8lement-300x225.jpg\" alt=\"\" width=\"300\" height=\"225\" srcset=\"https:\/\/meriller-vapeur.fr\/wp3\/wp-content\/uploads\/2019\/12\/3-DSC02403-Cartouche-reproduit-fid\u00e8lement-300x225.jpg 300w, https:\/\/meriller-vapeur.fr\/wp3\/wp-content\/uploads\/2019\/12\/3-DSC02403-Cartouche-reproduit-fid\u00e8lement-1024x768.jpg 1024w, https:\/\/meriller-vapeur.fr\/wp3\/wp-content\/uploads\/2019\/12\/3-DSC02403-Cartouche-reproduit-fid\u00e8lement-768x576.jpg 768w, https:\/\/meriller-vapeur.fr\/wp3\/wp-content\/uploads\/2019\/12\/3-DSC02403-Cartouche-reproduit-fid\u00e8lement-1536x1152.jpg 1536w, https:\/\/meriller-vapeur.fr\/wp3\/wp-content\/uploads\/2019\/12\/3-DSC02403-Cartouche-reproduit-fid\u00e8lement.jpg 1600w\" sizes=\"auto, (max-width: 300px) 100vw, 300px\" \/><p id=\"caption-attachment-11036\" class=\"wp-caption-text\">Le Cartouche reproduit fid\u00e8lement<\/p><\/div>\n<p>Voici enfin des nouvelles du Wagon Grue, qui a \u00e9t\u00e9 enti\u00e8rement restaur\u00e9 et sera mis en place sur le site de Niversac le 20 d\u00e9cembre prochain !<\/p>\n<p>Le reportage photo de Roger Marouby vous pr\u00e9sente l\u2019engin dans sa livr\u00e9e d\u2019origine, parfaitement rendue apr\u00e8s passage dans le tunnel de peinture des <strong>TRANSPORTS\u00a0DOUMEN<\/strong>.<\/p>\n<p>C\u2019est <a href=\"https:\/\/meriller-vapeur.fr\/wp3\/?page_id=11033\">&gt;&gt;&gt;&gt;&gt;&gt;&gt;&gt;&gt;&gt;&gt;&gt;&gt;&gt;&gt;ICI.<\/a><\/p>\n<div class=\"pvc_clear\"><\/div>\n<p id=\"pvc_stats_11057\" class=\"pvc_stats all  \" data-element-id=\"11057\" style=\"\"><i class=\"pvc-stats-icon medium\" aria-hidden=\"true\"><svg aria-hidden=\"true\" focusable=\"false\" data-prefix=\"far\" data-icon=\"chart-bar\" role=\"img\" xmlns=\"http:\/\/www.w3.org\/2000\/svg\" viewBox=\"0 0 512 512\" class=\"svg-inline--fa fa-chart-bar fa-w-16 fa-2x\"><path fill=\"currentColor\" d=\"M396.8 352h22.4c6.4 0 12.8-6.4 12.8-12.8V108.8c0-6.4-6.4-12.8-12.8-12.8h-22.4c-6.4 0-12.8 6.4-12.8 12.8v230.4c0 6.4 6.4 12.8 12.8 12.8zm-192 0h22.4c6.4 0 12.8-6.4 12.8-12.8V140.8c0-6.4-6.4-12.8-12.8-12.8h-22.4c-6.4 0-12.8 6.4-12.8 12.8v198.4c0 6.4 6.4 12.8 12.8 12.8zm96 0h22.4c6.4 0 12.8-6.4 12.8-12.8V204.8c0-6.4-6.4-12.8-12.8-12.8h-22.4c-6.4 0-12.8 6.4-12.8 12.8v134.4c0 6.4 6.4 12.8 12.8 12.8zM496 400H48V80c0-8.84-7.16-16-16-16H16C7.16 64 0 71.16 0 80v336c0 17.67 14.33 32 32 32h464c8.84 0 16-7.16 16-16v-16c0-8.84-7.16-16-16-16zm-387.2-48h22.4c6.4 0 12.8-6.4 12.8-12.8v-70.4c0-6.4-6.4-12.8-12.8-12.8h-22.4c-6.4 0-12.8 6.4-12.8 12.8v70.4c0 6.4 6.4 12.8 12.8 12.8z\" class=\"\"><\/path><\/svg><\/i> <img loading=\"lazy\" decoding=\"async\" width=\"16\" height=\"16\" alt=\"Loading\" src=\"https:\/\/meriller-vapeur.fr\/wp3\/wp-content\/plugins\/page-views-count\/ajax-loader-2x.gif\" border=0 \/><\/p>\n<div class=\"pvc_clear\"><\/div>\n","protected":false},"excerpt":{"rendered":"<p>Voici enfin des nouvelles du Wagon Grue, qui a \u00e9t\u00e9 enti\u00e8rement restaur\u00e9 et sera mis en place sur le site de Niversac le 20 d\u00e9cembre prochain ! Le reportage photo de Roger Marouby vous pr\u00e9sente l\u2019engin dans sa livr\u00e9e d\u2019origine, parfaitement rendue apr\u00e8s passage dans le tunnel de peinture des TRANSPORTS\u00a0DOUMEN. C\u2019est &gt;&gt;&gt;&gt;&gt;&gt;&gt;&gt;&gt;&gt;&gt;&gt;&gt;&gt;&gt;ICI.<\/p>\n<div class=\"pvc_clear\"><\/div>\n<p id=\"pvc_stats_11057\" class=\"pvc_stats all  \" data-element-id=\"11057\" style=\"\"><i class=\"pvc-stats-icon medium\" aria-hidden=\"true\"><svg aria-hidden=\"true\" focusable=\"false\" data-prefix=\"far\" data-icon=\"chart-bar\" role=\"img\" xmlns=\"http:\/\/www.w3.org\/2000\/svg\" viewBox=\"0 0 512 512\" class=\"svg-inline--fa fa-chart-bar fa-w-16 fa-2x\"><path fill=\"currentColor\" d=\"M396.8 352h22.4c6.4 0 12.8-6.4 12.8-12.8V108.8c0-6.4-6.4-12.8-12.8-12.8h-22.4c-6.4 0-12.8 6.4-12.8 12.8v230.4c0 6.4 6.4 12.8 12.8 12.8zm-192 0h22.4c6.4 0 12.8-6.4 12.8-12.8V140.8c0-6.4-6.4-12.8-12.8-12.8h-22.4c-6.4 0-12.8 6.4-12.8 12.8v198.4c0 6.4 6.4 12.8 12.8 12.8zm96 0h22.4c6.4 0 12.8-6.4 12.8-12.8V204.8c0-6.4-6.4-12.8-12.8-12.8h-22.4c-6.4 0-12.8 6.4-12.8 12.8v134.4c0 6.4 6.4 12.8 12.8 12.8zM496 400H48V80c0-8.84-7.16-16-16-16H16C7.16 64 0 71.16 0 80v336c0 17.67 14.33 32 32 32h464c8.84 0 16-7.16 16-16v-16c0-8.84-7.16-16-16-16zm-387.2-48h22.4c6.4 0 12.8-6.4 12.8-12.8v-70.4c0-6.4-6.4-12.8-12.8-12.8h-22.4c-6.4 0-12.8 6.4-12.8 12.8v70.4c0 6.4 6.4 12.8 12.8 12.8z\" class=\"\"><\/path><\/svg><\/i> <img loading=\"lazy\" decoding=\"async\" width=\"16\" height=\"16\" alt=\"Loading\" src=\"https:\/\/meriller-vapeur.fr\/wp3\/wp-content\/plugins\/page-views-count\/ajax-loader-2x.gif\" border=0 \/><\/p>\n<div class=\"pvc_clear\"><\/div>\n","protected":false},"author":1,"featured_media":0,"comment_status":"open","ping_status":"open","sticky":false,"template":"","format":"image","meta":{"footnotes":""},"categories":[6,8,31,5],"tags":[],"class_list":["post-11057","post","type-post","status-publish","format-image","hentry","category-doc-ferroviaire","category-materiels-speciaux","category-patrimoine-ferroviaire","category-photo-du-mois","post_format-post-format-image"],"a3_pvc":{"activated":true,"total_views":103,"today_views":0},"_links":{"self":[{"href":"https:\/\/meriller-vapeur.fr\/wp3\/index.php?rest_route=\/wp\/v2\/posts\/11057","targetHints":{"allow":["GET"]}}],"collection":[{"href":"https:\/\/meriller-vapeur.fr\/wp3\/index.php?rest_route=\/wp\/v2\/posts"}],"about":[{"href":"https:\/\/meriller-vapeur.fr\/wp3\/index.php?rest_route=\/wp\/v2\/types\/post"}],"author":[{"embeddable":true,"href":"https:\/\/meriller-vapeur.fr\/wp3\/index.php?rest_route=\/wp\/v2\/users\/1"}],"replies":[{"embeddable":true,"href":"https:\/\/meriller-vapeur.fr\/wp3\/index.php?rest_route=%2Fwp%2Fv2%2Fcomments&post=11057"}],"version-history":[{"count":0,"href":"https:\/\/meriller-vapeur.fr\/wp3\/index.php?rest_route=\/wp\/v2\/posts\/11057\/revisions"}],"wp:attachment":[{"href":"https:\/\/meriller-vapeur.fr\/wp3\/index.php?rest_route=%2Fwp%2Fv2%2Fmedia&parent=11057"}],"wp:term":[{"taxonomy":"category","embeddable":true,"href":"https:\/\/meriller-vapeur.fr\/wp3\/index.php?rest_route=%2Fwp%2Fv2%2Fcategories&post=11057"},{"taxonomy":"post_tag","embeddable":true,"href":"https:\/\/meriller-vapeur.fr\/wp3\/index.php?rest_route=%2Fwp%2Fv2%2Ftags&post=11057"}],"curies":[{"name":"wp","href":"https:\/\/api.w.org\/{rel}","templated":true}]}}